{"id":31730,"date":"2019-06-14T15:24:52","date_gmt":"2019-06-14T13:24:52","guid":{"rendered":"http:\/\/www.pfsa.unsa.ba\/pf\/?p=31730"},"modified":"2019-07-05T13:23:58","modified_gmt":"2019-07-05T11:23:58","slug":"ljetna-skolu-ljudskih-prava-ljudska-prava-u-digitalnog-eri","status":"publish","type":"post","link":"https:\/\/pfsa.unsa.ba\/pf\/ljetna-skolu-ljudskih-prava-ljudska-prava-u-digitalnog-eri\/","title":{"rendered":"Ljetna \u0161kola \u201cLjudska prava u digitalnog eri\u201d"},"content":{"rendered":"<p>Ured Vije\u0107a Evrope u Bosni i Hercegovini, poziva studentice i studente Pravnog fakulteta Univerziteta u Sarajevu, na Ljetnu \u0161kolu ljudskih prava, koja se odr\u017eava u Trebinju, od 24. do 28. juna 2019. godine, na temu \u201cLjudska prava u digitalnog eri\u201d.<\/p>\n<p>Predava\u010di na Ljetnoj \u0161koli bit \u0107e eminentni doma\u0107i i me\u0111unarodni stru\u010dnjaci iz oblasti me\u0111unarodnog i evropskog prava ljudskih prava, a u\u010de\u0161\u0107e \u0107e uzeti studentice i studenti sa pravnih fakulteta iz Bosne i Hercegovine i Srbije. U\u010desnici \u0107e raditi na prakti\u010dnim primjerima, a posljednjeg dana bit \u0107e organizirana simulacija su\u0111enja.<\/p>\n<p>Tro\u0161kove smje\u0161taja, ishrane i prevoza pokriva organizator Ljetne \u0161kole, a svi u\u010desnci \u0107e po zavr\u0161etku iste dobiti i certifikat o u\u010de\u0161\u0107u. Svoje prijave, u slobodnoj formi (ime i prezime, godina studija) mo\u017eete poslati na e-mail:\u00a0<a href=\"mailto:president@elsa-sarajevo.org\" target=\"_blank\" rel=\"noopener\">president@elsa-<wbr \/>sarajevo.org<\/a>, najkasnije do utorka, 18.06.2019. godine, do 14:00 \u010dasova.<\/p>\n<p><a href=\"http:\/\/www.pfsa.unsa.ba\/pf\/wp-content\/uploads\/2019\/06\/DTP-ToeBag.pdf\">Ljudska prava u digitalnoj eri<\/a><\/p>\n","protected":false},"excerpt":{"rendered":"<p>Ured Vije\u0107a Evrope u Bosni i Hercegovini, poziva studentice i studente Pravnog fakulteta Univerziteta u Sarajevu, na Ljetnu \u0161kolu ljudskih prava, koja se odr\u017eava u Trebinju, od 24. do 28. juna 2019. godine, na temu \u201cLjudska prava u digitalnog eri\u201d. Predava\u010di na Ljetnoj \u0161koli bit \u0107e eminentni doma\u0107i i me\u0111unarodni stru\u010dnjaci iz oblasti me\u0111unarodnog i [&hellip;]<\/p>\n","protected":false},"author":16,"featured_media":0,"comment_status":"closed","ping_status":"closed","sticky":false,"template":"","format":"standard","meta":{"_eb_attr":"","jetpack_post_was_ever_published":false,"_jetpack_newsletter_access":"","_jetpack_dont_email_post_to_subs":false,"_jetpack_newsletter_tier_id":0,"_jetpack_memberships_contains_paywalled_content":false,"_jetpack_memberships_contains_paid_content":false,"footnotes":""},"categories":[2618],"tags":[],"class_list":["post-31730","post","type-post","status-publish","format-standard","hentry","category-ljetna-skola","node node-blog clearfix"],"views":1038,"jetpack_featured_media_url":"","jetpack_shortlink":"https:\/\/wp.me\/p9i2Az-8fM","jetpack_sharing_enabled":true,"post_mailing_queue_ids":[],"_links":{"self":[{"href":"https:\/\/pfsa.unsa.ba\/pf\/wp-json\/wp\/v2\/posts\/31730","targetHints":{"allow":["GET"]}}],"collection":[{"href":"https:\/\/pfsa.unsa.ba\/pf\/wp-json\/wp\/v2\/posts"}],"about":[{"href":"https:\/\/pfsa.unsa.ba\/pf\/wp-json\/wp\/v2\/types\/post"}],"author":[{"embeddable":true,"href":"https:\/\/pfsa.unsa.ba\/pf\/wp-json\/wp\/v2\/users\/16"}],"replies":[{"embeddable":true,"href":"https:\/\/pfsa.unsa.ba\/pf\/wp-json\/wp\/v2\/comments?post=31730"}],"version-history":[{"count":3,"href":"https:\/\/pfsa.unsa.ba\/pf\/wp-json\/wp\/v2\/posts\/31730\/revisions"}],"predecessor-version":[{"id":31735,"href":"https:\/\/pfsa.unsa.ba\/pf\/wp-json\/wp\/v2\/posts\/31730\/revisions\/31735"}],"wp:attachment":[{"href":"https:\/\/pfsa.unsa.ba\/pf\/wp-json\/wp\/v2\/media?parent=31730"}],"wp:term":[{"taxonomy":"category","embeddable":true,"href":"https:\/\/pfsa.unsa.ba\/pf\/wp-json\/wp\/v2\/categories?post=31730"},{"taxonomy":"post_tag","embeddable":true,"href":"https:\/\/pfsa.unsa.ba\/pf\/wp-json\/wp\/v2\/tags?post=31730"}],"curies":[{"name":"wp","href":"https:\/\/api.w.org\/{rel}","templated":true}]}}