{"id":34013,"date":"2019-10-28T16:10:27","date_gmt":"2019-10-28T15:10:27","guid":{"rendered":"http:\/\/www.pfsa.unsa.ba\/pf\/?p=34013"},"modified":"2019-10-28T16:10:27","modified_gmt":"2019-10-28T15:10:27","slug":"klinika-iz-ljudskih-prava-u-suradnji-s-uredom-vijeca-europe-u-sarajevu","status":"publish","type":"post","link":"https:\/\/pfsa.unsa.ba\/pf\/klinika-iz-ljudskih-prava-u-suradnji-s-uredom-vijeca-europe-u-sarajevu\/","title":{"rendered":"Klinika iz ljudskih prava u suradnji s Uredom vije\u0107a Europe u Sarajevu"},"content":{"rendered":"<p>U petak, 25. 10. 2019. godine na Pravnom fakultetu Univerziteta u Sarajevu sve\u010dano je otvorena Klinika iz ljudskih prava, koju Pravni fakultet realizira u suradnji s Uredom Vije\u0107a Europe u Sarajevu.<\/p>\n<p>Klinika se realizira u okviru projekta \u201eInicijativa za pravnu sigurnost i efikasno pravosu\u0111e u BiH\u201c, a uz financijsku podr\u0161ku Vlade kraljevine Norve\u0161ke.<\/p>\n<p>Polaznici Klinike bit \u0107e studenti III i IV godine pravnog studija, koji \u0107e u okviru 25 nastavnih sati programa imati mogu\u0107nost da se upoznaju s mehaniznima za za\u0161titu ljudskih prava te da dodatno razviju prakti\u010dne vje\u0161tine iz ovog segmenta.<\/p>\n<p>Kliniku su otvorili prof. dr. Hajrija Sijer\u010di\u0107-\u010coli\u0107, dekanesa Pravnog fakulteta i g\u0111a Loreta Vioiu, zajednica \u0160efa Ureda Vije\u0107a Europe u Sarajevu.<\/p>\n<p>Nakon pozdravnih govora, odr\u017eana su predavanja gdina Sergey Dikman, projektnog koordinatora iz Vije\u0107a Europe te g\u0111e Magdalena Jankowska-Gilberg, profesorice prava i biv\u0161e pravnice u Europskom sudu za ljudska prava.<\/p>\n\n\t\t<style type=\"text\/css\">\n\t\t\t#gallery-1 {\n\t\t\t\tmargin: auto;\n\t\t\t}\n\t\t\t#gallery-1 .gallery-item {\n\t\t\t\tfloat: left;\n\t\t\t\tmargin-top: 10px;\n\t\t\t\ttext-align: center;\n\t\t\t\twidth: 33%;\n\t\t\t}\n\t\t\t#gallery-1 img {\n\t\t\t\tborder: 2px solid #cfcfcf;\n\t\t\t}\n\t\t\t#gallery-1 .gallery-caption {\n\t\t\t\tmargin-left: 0;\n\t\t\t}\n\t\t\t\/* see gallery_shortcode() in wp-includes\/media.php *\/\n\t\t<\/style>\n\t\t<div id='gallery-1' class='gallery galleryid-34013 gallery-columns-3 gallery-size-thumbnail'><dl class='gallery-item'>\n\t\t\t<dt class='gallery-icon landscape'>\n\t\t\t\t<a href='https:\/\/pfsa.unsa.ba\/pf\/klinika-iz-ljudskih-prava-u-suradnji-s-uredom-vijeca-europe-u-sarajevu\/slika1\/'><img loading=\"lazy\" decoding=\"async\" width=\"150\" height=\"150\" src=\"https:\/\/pfsa.unsa.ba\/pf\/wp-content\/uploads\/2019\/10\/slika1-150x150.jpg\" class=\"attachment-thumbnail size-thumbnail\" alt=\"\" srcset=\"https:\/\/pfsa.unsa.ba\/pf\/wp-content\/uploads\/2019\/10\/slika1-150x150.jpg 150w, https:\/\/pfsa.unsa.ba\/pf\/wp-content\/uploads\/2019\/10\/slika1-400x400.jpg 400w\" sizes=\"auto, (max-width: 150px) 100vw, 150px\" \/><\/a>\n\t\t\t<\/dt><\/dl><dl class='gallery-item'>\n\t\t\t<dt class='gallery-icon landscape'>\n\t\t\t\t<a href='https:\/\/pfsa.unsa.ba\/pf\/klinika-iz-ljudskih-prava-u-suradnji-s-uredom-vijeca-europe-u-sarajevu\/slika2\/'><img loading=\"lazy\" decoding=\"async\" width=\"150\" height=\"150\" src=\"https:\/\/pfsa.unsa.ba\/pf\/wp-content\/uploads\/2019\/10\/slika2-150x150.jpg\" class=\"attachment-thumbnail size-thumbnail\" alt=\"\" srcset=\"https:\/\/pfsa.unsa.ba\/pf\/wp-content\/uploads\/2019\/10\/slika2-150x150.jpg 150w, https:\/\/pfsa.unsa.ba\/pf\/wp-content\/uploads\/2019\/10\/slika2-400x400.jpg 400w\" sizes=\"auto, (max-width: 150px) 100vw, 150px\" \/><\/a>\n\t\t\t<\/dt><\/dl><dl class='gallery-item'>\n\t\t\t<dt class='gallery-icon landscape'>\n\t\t\t\t<a href='https:\/\/pfsa.unsa.ba\/pf\/klinika-iz-ljudskih-prava-u-suradnji-s-uredom-vijeca-europe-u-sarajevu\/slika4\/'><img loading=\"lazy\" decoding=\"async\" width=\"150\" height=\"150\" src=\"https:\/\/pfsa.unsa.ba\/pf\/wp-content\/uploads\/2019\/10\/slika4-150x150.jpg\" class=\"attachment-thumbnail size-thumbnail\" alt=\"\" srcset=\"https:\/\/pfsa.unsa.ba\/pf\/wp-content\/uploads\/2019\/10\/slika4-150x150.jpg 150w, https:\/\/pfsa.unsa.ba\/pf\/wp-content\/uploads\/2019\/10\/slika4-400x400.jpg 400w\" sizes=\"auto, (max-width: 150px) 100vw, 150px\" \/><\/a>\n\t\t\t<\/dt><\/dl><br style=\"clear: both\" \/><dl class='gallery-item'>\n\t\t\t<dt class='gallery-icon landscape'>\n\t\t\t\t<a href='https:\/\/pfsa.unsa.ba\/pf\/klinika-iz-ljudskih-prava-u-suradnji-s-uredom-vijeca-europe-u-sarajevu\/slika5\/'><img loading=\"lazy\" decoding=\"async\" width=\"150\" height=\"150\" src=\"https:\/\/pfsa.unsa.ba\/pf\/wp-content\/uploads\/2019\/10\/slika5-150x150.jpg\" class=\"attachment-thumbnail size-thumbnail\" alt=\"\" srcset=\"https:\/\/pfsa.unsa.ba\/pf\/wp-content\/uploads\/2019\/10\/slika5-150x150.jpg 150w, https:\/\/pfsa.unsa.ba\/pf\/wp-content\/uploads\/2019\/10\/slika5-400x400.jpg 400w\" sizes=\"auto, (max-width: 150px) 100vw, 150px\" \/><\/a>\n\t\t\t<\/dt><\/dl>\n\t\t\t<br style='clear: both' \/>\n\t\t<\/div>\n\n","protected":false},"excerpt":{"rendered":"<p>U petak, 25. 10. 2019. godine na Pravnom fakultetu Univerziteta u Sarajevu sve\u010dano je otvorena Klinika iz ljudskih prava, koju Pravni fakultet realizira u suradnji s Uredom Vije\u0107a Europe u Sarajevu. Klinika se realizira u okviru projekta \u201eInicijativa za pravnu sigurnost i efikasno pravosu\u0111e u BiH\u201c, a uz financijsku podr\u0161ku Vlade kraljevine Norve\u0161ke. Polaznici Klinike [&hellip;]<\/p>\n","protected":false},"author":47,"featured_media":0,"comment_status":"closed","ping_status":"closed","sticky":false,"template":"","format":"standard","meta":{"_eb_attr":"","jetpack_post_was_ever_published":false,"_jetpack_newsletter_access":"","_jetpack_dont_email_post_to_subs":false,"_jetpack_newsletter_tier_id":0,"_jetpack_memberships_contains_paywalled_content":false,"_jetpack_memberships_contains_paid_content":false,"footnotes":""},"categories":[2618],"tags":[],"class_list":["post-34013","post","type-post","status-publish","format-standard","hentry","category-ljetna-skola","node node-blog clearfix"],"views":969,"jetpack_featured_media_url":"","jetpack_shortlink":"https:\/\/wp.me\/p9i2Az-8QB","jetpack_sharing_enabled":true,"post_mailing_queue_ids":[],"_links":{"self":[{"href":"https:\/\/pfsa.unsa.ba\/pf\/wp-json\/wp\/v2\/posts\/34013","targetHints":{"allow":["GET"]}}],"collection":[{"href":"https:\/\/pfsa.unsa.ba\/pf\/wp-json\/wp\/v2\/posts"}],"about":[{"href":"https:\/\/pfsa.unsa.ba\/pf\/wp-json\/wp\/v2\/types\/post"}],"author":[{"embeddable":true,"href":"https:\/\/pfsa.unsa.ba\/pf\/wp-json\/wp\/v2\/users\/47"}],"replies":[{"embeddable":true,"href":"https:\/\/pfsa.unsa.ba\/pf\/wp-json\/wp\/v2\/comments?post=34013"}],"version-history":[{"count":1,"href":"https:\/\/pfsa.unsa.ba\/pf\/wp-json\/wp\/v2\/posts\/34013\/revisions"}],"predecessor-version":[{"id":34018,"href":"https:\/\/pfsa.unsa.ba\/pf\/wp-json\/wp\/v2\/posts\/34013\/revisions\/34018"}],"wp:attachment":[{"href":"https:\/\/pfsa.unsa.ba\/pf\/wp-json\/wp\/v2\/media?parent=34013"}],"wp:term":[{"taxonomy":"category","embeddable":true,"href":"https:\/\/pfsa.unsa.ba\/pf\/wp-json\/wp\/v2\/categories?post=34013"},{"taxonomy":"post_tag","embeddable":true,"href":"https:\/\/pfsa.unsa.ba\/pf\/wp-json\/wp\/v2\/tags?post=34013"}],"curies":[{"name":"wp","href":"https:\/\/api.w.org\/{rel}","templated":true}]}}