{"id":35447,"date":"2019-12-27T15:31:09","date_gmt":"2019-12-27T14:31:09","guid":{"rendered":"http:\/\/www.pfsa.unsa.ba\/pf\/?p=35447"},"modified":"2020-01-12T22:12:11","modified_gmt":"2020-01-12T21:12:11","slug":"plaketa-univerziteta-u-sarajevu","status":"publish","type":"post","link":"https:\/\/pfsa.unsa.ba\/pf\/plaketa-univerziteta-u-sarajevu\/","title":{"rendered":"Plaketa Univerziteta u Sarajevu"},"content":{"rendered":"<p>Dana 27.12.2019. godine, u prostorijama Univerziteta u Sarajevu, dodijeljene su plakete:<\/p>\n<p>&#8211; Pravnom fakultetu Univerziteta u Sarajevu za izuzetne zasluge kao osniva\u010du i prvoj \u010dlanici Univerziteta u Sarajevu;<\/p>\n<p>&#8211; \u010dlanici Upravnog odbora Univerziteta u Sarajevu, dr. Jasminki Grada\u0161\u010devi\u0107-Sijer\u010di\u0107, redovnoj profesorici Pravnog fakulteta Univerziteta u Sarajevu, Plaketu Univerziteta u Sarajevu za izuzetan doprinos radu i razvoju Univerziteta u Sarajevu.<\/p>\n<p>&nbsp;<\/p>\n<p><a href=\"http:\/\/www.pfsa.unsa.ba\/pf\/wp-content\/uploads\/2019\/12\/viber_image_2019-12-27_13-45-27.jpg\"><img loading=\"lazy\" decoding=\"async\" class=\"alignnone size-medium wp-image-35451\" src=\"http:\/\/www.pfsa.unsa.ba\/pf\/wp-content\/uploads\/2019\/12\/viber_image_2019-12-27_13-45-27-300x225.jpg\" alt=\"\" width=\"300\" height=\"225\" srcset=\"https:\/\/pfsa.unsa.ba\/pf\/wp-content\/uploads\/2019\/12\/viber_image_2019-12-27_13-45-27-300x225.jpg 300w, https:\/\/pfsa.unsa.ba\/pf\/wp-content\/uploads\/2019\/12\/viber_image_2019-12-27_13-45-27-768x576.jpg 768w, https:\/\/pfsa.unsa.ba\/pf\/wp-content\/uploads\/2019\/12\/viber_image_2019-12-27_13-45-27-1024x768.jpg 1024w, https:\/\/pfsa.unsa.ba\/pf\/wp-content\/uploads\/2019\/12\/viber_image_2019-12-27_13-45-27-400x300.jpg 400w, https:\/\/pfsa.unsa.ba\/pf\/wp-content\/uploads\/2019\/12\/viber_image_2019-12-27_13-45-27.jpg 1600w\" sizes=\"auto, (max-width: 300px) 100vw, 300px\" \/>\u00a0\u00a0<\/a><a href=\"http:\/\/www.pfsa.unsa.ba\/pf\/wp-content\/uploads\/2019\/12\/viber_image_2019-12-27_13-37-14-1.jpg\"><img loading=\"lazy\" decoding=\"async\" class=\"alignnone size-medium wp-image-35450\" src=\"http:\/\/www.pfsa.unsa.ba\/pf\/wp-content\/uploads\/2019\/12\/viber_image_2019-12-27_13-37-14-1-300x225.jpg\" alt=\"\" width=\"300\" height=\"225\" srcset=\"https:\/\/pfsa.unsa.ba\/pf\/wp-content\/uploads\/2019\/12\/viber_image_2019-12-27_13-37-14-1-300x225.jpg 300w, https:\/\/pfsa.unsa.ba\/pf\/wp-content\/uploads\/2019\/12\/viber_image_2019-12-27_13-37-14-1-768x576.jpg 768w, https:\/\/pfsa.unsa.ba\/pf\/wp-content\/uploads\/2019\/12\/viber_image_2019-12-27_13-37-14-1-1024x768.jpg 1024w, https:\/\/pfsa.unsa.ba\/pf\/wp-content\/uploads\/2019\/12\/viber_image_2019-12-27_13-37-14-1-400x300.jpg 400w, https:\/\/pfsa.unsa.ba\/pf\/wp-content\/uploads\/2019\/12\/viber_image_2019-12-27_13-37-14-1.jpg 1600w\" sizes=\"auto, (max-width: 300px) 100vw, 300px\" \/><\/a><\/p>\n<p>&nbsp;<\/p>\n","protected":false},"excerpt":{"rendered":"<p>Dana 27.12.2019. godine, u prostorijama Univerziteta u Sarajevu, dodijeljene su plakete: &#8211; Pravnom fakultetu Univerziteta u Sarajevu za izuzetne zasluge kao osniva\u010du i prvoj \u010dlanici Univerziteta u Sarajevu; &#8211; \u010dlanici Upravnog odbora Univerziteta u Sarajevu, dr. Jasminki Grada\u0161\u010devi\u0107-Sijer\u010di\u0107, redovnoj profesorici Pravnog fakulteta Univerziteta u Sarajevu, Plaketu Univerziteta u Sarajevu za izuzetan doprinos radu i razvoju [&hellip;]<\/p>\n","protected":false},"author":2,"featured_media":0,"comment_status":"closed","ping_status":"closed","sticky":false,"template":"","format":"standard","meta":{"_eb_attr":"","jetpack_post_was_ever_published":false,"_jetpack_newsletter_access":"","_jetpack_dont_email_post_to_subs":false,"_jetpack_newsletter_tier_id":0,"_jetpack_memberships_contains_paywalled_content":false,"_jetpack_memberships_contains_paid_content":false,"footnotes":""},"categories":[83],"tags":[],"class_list":["post-35447","post","type-post","status-publish","format-standard","hentry","category-aktivnosti-aktuelnosti","node node-blog clearfix"],"views":569,"jetpack_featured_media_url":"","jetpack_shortlink":"https:\/\/wp.me\/p9i2Az-9dJ","jetpack_sharing_enabled":true,"post_mailing_queue_ids":[],"_links":{"self":[{"href":"https:\/\/pfsa.unsa.ba\/pf\/wp-json\/wp\/v2\/posts\/35447","targetHints":{"allow":["GET"]}}],"collection":[{"href":"https:\/\/pfsa.unsa.ba\/pf\/wp-json\/wp\/v2\/posts"}],"about":[{"href":"https:\/\/pfsa.unsa.ba\/pf\/wp-json\/wp\/v2\/types\/post"}],"author":[{"embeddable":true,"href":"https:\/\/pfsa.unsa.ba\/pf\/wp-json\/wp\/v2\/users\/2"}],"replies":[{"embeddable":true,"href":"https:\/\/pfsa.unsa.ba\/pf\/wp-json\/wp\/v2\/comments?post=35447"}],"version-history":[{"count":2,"href":"https:\/\/pfsa.unsa.ba\/pf\/wp-json\/wp\/v2\/posts\/35447\/revisions"}],"predecessor-version":[{"id":35453,"href":"https:\/\/pfsa.unsa.ba\/pf\/wp-json\/wp\/v2\/posts\/35447\/revisions\/35453"}],"wp:attachment":[{"href":"https:\/\/pfsa.unsa.ba\/pf\/wp-json\/wp\/v2\/media?parent=35447"}],"wp:term":[{"taxonomy":"category","embeddable":true,"href":"https:\/\/pfsa.unsa.ba\/pf\/wp-json\/wp\/v2\/categories?post=35447"},{"taxonomy":"post_tag","embeddable":true,"href":"https:\/\/pfsa.unsa.ba\/pf\/wp-json\/wp\/v2\/tags?post=35447"}],"curies":[{"name":"wp","href":"https:\/\/api.w.org\/{rel}","templated":true}]}}