{"id":38962,"date":"2020-04-06T00:00:03","date_gmt":"2020-04-05T22:00:03","guid":{"rendered":"http:\/\/www.pfsa.unsa.ba\/pf\/?p=38962"},"modified":"2020-04-07T20:36:56","modified_gmt":"2020-04-07T18:36:56","slug":"dan-pravnog-fakulteta","status":"publish","type":"post","link":"https:\/\/pfsa.unsa.ba\/pf\/dan-pravnog-fakulteta\/","title":{"rendered":"Dan Pravnog fakulteta"},"content":{"rendered":"<p>Po\u0161tovane uposlenice i uposlenici, dragi studenti i studentice,<\/p>\n<p>Pravni fakultet 6. aprila obilje\u017eava 74 godine od svog osnivanja. U prethodnoj godini, od obilje\u017eavanja 73. godi\u0161njice Fakulteta, marljivo i strpljivo smo radili kako bi se na\u0161 glas o pravu i pravi\u010dnosti, te preno\u0161enju nau\u010dnog i stru\u010dnog znanja studentima i studenticama, kao i onima koji primjenjuju pravo, \u010duo ne samo u BiH, ve\u0107 i izvan njenih granica. U cilju afirmisanja postignutih rezultata, Fakultet je planirao i ove godine organizovati niz aktivnosti: promovisati\u00a0 monografiju \u201cPravosudna palata \u2013 Elaborat za\u0161tite fasadnog platna\/Judicial palace \u2013 Study on protection of building\u2019s facade\u201d i odr\u017eati nau\u010dnu konferenciju o pravnoj sudbini sarajevskih vakufa.<\/p>\n<p>Me\u0111utim, zbog pandemije i progla\u0161enog stanja nesre\u0107e Pravni fakultet je odgodio gore spomenute aktivnosti do obnove uobi\u010dajenog na\u010dina rada.<\/p>\n<p>U posljednjih mjesec dana sve aktivnosti su usmjerene na efikasno i efektivno ispunjavanje nastavnih, istra\u017eiva\u010dko-nau\u010dnih i drugih radnih obaveza koje su povezane sa djelatno\u0161\u0107u Pravnog fakulteta, a koje su se nametnule u ovom za sve nas posebnom vremenu.<\/p>\n<p>U nadi da \u0107e se trenutno stanje \u010dim prije okon\u010dati i da \u0107emo nastaviti na\u0161e nastavne i druge aktivnosti na uobi\u010dajen na\u010din, te uz \u017eelju da ostanemo zdravi i me\u0111usobno povezani, svim studentima i studenticama, kao i uposlenicima i uposlenicama Pravnog fakulteta, \u010destitamo Dan fakulteta.<\/p>\n<p>&nbsp;<\/p>\n<p>Uprava Pravnog fakulteta Univerziteta u Sarajevu<\/p>\n","protected":false},"excerpt":{"rendered":"<p>Po\u0161tovane uposlenice i uposlenici, dragi studenti i studentice, Pravni fakultet 6. aprila obilje\u017eava 74 godine od svog osnivanja. U prethodnoj godini, od obilje\u017eavanja 73. godi\u0161njice Fakulteta, marljivo i strpljivo smo radili kako bi se na\u0161 glas o pravu i pravi\u010dnosti, te preno\u0161enju nau\u010dnog i stru\u010dnog znanja studentima i studenticama, kao i onima koji primjenjuju pravo, [&hellip;]<\/p>\n","protected":false},"author":1,"featured_media":0,"comment_status":"closed","ping_status":"closed","sticky":false,"template":"","format":"standard","meta":{"_eb_attr":"","jetpack_post_was_ever_published":false,"_jetpack_newsletter_access":"","_jetpack_dont_email_post_to_subs":false,"_jetpack_newsletter_tier_id":0,"_jetpack_memberships_contains_paywalled_content":false,"_jetpack_memberships_contains_paid_content":false,"footnotes":""},"categories":[83],"tags":[],"class_list":["post-38962","post","type-post","status-publish","format-standard","hentry","category-aktivnosti-aktuelnosti","node node-blog clearfix"],"views":668,"jetpack_featured_media_url":"","jetpack_shortlink":"https:\/\/wp.me\/p9i2Az-a8q","jetpack_sharing_enabled":true,"post_mailing_queue_ids":[],"_links":{"self":[{"href":"https:\/\/pfsa.unsa.ba\/pf\/wp-json\/wp\/v2\/posts\/38962","targetHints":{"allow":["GET"]}}],"collection":[{"href":"https:\/\/pfsa.unsa.ba\/pf\/wp-json\/wp\/v2\/posts"}],"about":[{"href":"https:\/\/pfsa.unsa.ba\/pf\/wp-json\/wp\/v2\/types\/post"}],"author":[{"embeddable":true,"href":"https:\/\/pfsa.unsa.ba\/pf\/wp-json\/wp\/v2\/users\/1"}],"replies":[{"embeddable":true,"href":"https:\/\/pfsa.unsa.ba\/pf\/wp-json\/wp\/v2\/comments?post=38962"}],"version-history":[{"count":1,"href":"https:\/\/pfsa.unsa.ba\/pf\/wp-json\/wp\/v2\/posts\/38962\/revisions"}],"predecessor-version":[{"id":38963,"href":"https:\/\/pfsa.unsa.ba\/pf\/wp-json\/wp\/v2\/posts\/38962\/revisions\/38963"}],"wp:attachment":[{"href":"https:\/\/pfsa.unsa.ba\/pf\/wp-json\/wp\/v2\/media?parent=38962"}],"wp:term":[{"taxonomy":"category","embeddable":true,"href":"https:\/\/pfsa.unsa.ba\/pf\/wp-json\/wp\/v2\/categories?post=38962"},{"taxonomy":"post_tag","embeddable":true,"href":"https:\/\/pfsa.unsa.ba\/pf\/wp-json\/wp\/v2\/tags?post=38962"}],"curies":[{"name":"wp","href":"https:\/\/api.w.org\/{rel}","templated":true}]}}