{"id":53185,"date":"2021-08-31T11:35:46","date_gmt":"2021-08-31T09:35:46","guid":{"rendered":"https:\/\/www.pfsa.unsa.ba\/pf\/?p=53185"},"modified":"2021-08-31T11:36:16","modified_gmt":"2021-08-31T09:36:16","slug":"poziv-za-ucesce-u-akademiji-medijskog-prava","status":"publish","type":"post","link":"https:\/\/pfsa.unsa.ba\/pf\/poziv-za-ucesce-u-akademiji-medijskog-prava\/","title":{"rendered":"POZIV ZA U\u010cE\u0160\u0106E U AKADEMIJI MEDIJSKOG PRAVA"},"content":{"rendered":"<p>Pravni fakultet u Sarajevu i Medijski program za Jugoisto\u010dnu Evropu Konrad Adenauer fondacije poziva Vas na u\u010de\u0161\u0107e u Akademiji medijskog prava koja \u0107e se odr\u017eati na Pravnom fakultetu u Sarajevu, tokom \u0161est subota, od 25.09. do 30.10.2021. godine. Detalji o kurikulumu Akademije, na\u010dinu prijavljivanja kao i njenim ciljnim skupinama, nalaze se u prilogu. Za najbolje u\u010desnike Akademije, predvi\u0111ene su nov\u010dane nagrade. Radujemo se Va\u0161im prijavama!<\/p>\n<p>&nbsp;<\/p>\n<p><img loading=\"lazy\" decoding=\"async\" class=\"size-full wp-image-53186 aligncenter\" src=\"https:\/\/pfsa.unsa.ba\/pf\/wp-content\/uploads\/2021\/08\/POSTER.jpg\" alt=\"\" width=\"695\" height=\"900\" srcset=\"https:\/\/pfsa.unsa.ba\/pf\/wp-content\/uploads\/2021\/08\/POSTER.jpg 695w, https:\/\/pfsa.unsa.ba\/pf\/wp-content\/uploads\/2021\/08\/POSTER-232x300.jpg 232w\" sizes=\"auto, (max-width: 695px) 100vw, 695px\" \/><\/p>\n","protected":false},"excerpt":{"rendered":"<p>Pravni fakultet u Sarajevu i Medijski program za Jugoisto\u010dnu Evropu Konrad Adenauer fondacije poziva Vas na u\u010de\u0161\u0107e u Akademiji medijskog prava koja \u0107e se odr\u017eati na Pravnom fakultetu u Sarajevu, tokom \u0161est subota, od 25.09. do 30.10.2021. godine. Detalji o kurikulumu Akademije, na\u010dinu prijavljivanja kao i njenim ciljnim skupinama, nalaze se u prilogu. Za najbolje [&hellip;]<\/p>\n","protected":false},"author":1,"featured_media":0,"comment_status":"closed","ping_status":"closed","sticky":false,"template":"","format":"standard","meta":{"_eb_attr":"","jetpack_post_was_ever_published":false,"_jetpack_newsletter_access":"","_jetpack_dont_email_post_to_subs":false,"_jetpack_newsletter_tier_id":0,"_jetpack_memberships_contains_paywalled_content":false,"_jetpack_memberships_contains_paid_content":false,"footnotes":""},"categories":[83],"tags":[],"class_list":["post-53185","post","type-post","status-publish","format-standard","hentry","category-aktivnosti-aktuelnosti","node node-blog clearfix"],"views":886,"jetpack_featured_media_url":"","jetpack_shortlink":"https:\/\/wp.me\/p9i2Az-dPP","jetpack_sharing_enabled":true,"post_mailing_queue_ids":[],"_links":{"self":[{"href":"https:\/\/pfsa.unsa.ba\/pf\/wp-json\/wp\/v2\/posts\/53185","targetHints":{"allow":["GET"]}}],"collection":[{"href":"https:\/\/pfsa.unsa.ba\/pf\/wp-json\/wp\/v2\/posts"}],"about":[{"href":"https:\/\/pfsa.unsa.ba\/pf\/wp-json\/wp\/v2\/types\/post"}],"author":[{"embeddable":true,"href":"https:\/\/pfsa.unsa.ba\/pf\/wp-json\/wp\/v2\/users\/1"}],"replies":[{"embeddable":true,"href":"https:\/\/pfsa.unsa.ba\/pf\/wp-json\/wp\/v2\/comments?post=53185"}],"version-history":[{"count":2,"href":"https:\/\/pfsa.unsa.ba\/pf\/wp-json\/wp\/v2\/posts\/53185\/revisions"}],"predecessor-version":[{"id":53188,"href":"https:\/\/pfsa.unsa.ba\/pf\/wp-json\/wp\/v2\/posts\/53185\/revisions\/53188"}],"wp:attachment":[{"href":"https:\/\/pfsa.unsa.ba\/pf\/wp-json\/wp\/v2\/media?parent=53185"}],"wp:term":[{"taxonomy":"category","embeddable":true,"href":"https:\/\/pfsa.unsa.ba\/pf\/wp-json\/wp\/v2\/categories?post=53185"},{"taxonomy":"post_tag","embeddable":true,"href":"https:\/\/pfsa.unsa.ba\/pf\/wp-json\/wp\/v2\/tags?post=53185"}],"curies":[{"name":"wp","href":"https:\/\/api.w.org\/{rel}","templated":true}]}}