{"id":55550,"date":"2021-12-04T15:12:03","date_gmt":"2021-12-04T14:12:03","guid":{"rendered":"https:\/\/www.pfsa.unsa.ba\/pf\/?p=55550"},"modified":"2021-12-04T15:12:03","modified_gmt":"2021-12-04T14:12:03","slug":"in-memoriam-u-sarajevu-preminuo-prof-dr-slobodan-loga","status":"publish","type":"post","link":"https:\/\/pfsa.unsa.ba\/pf\/in-memoriam-u-sarajevu-preminuo-prof-dr-slobodan-loga\/","title":{"rendered":"In memoriam \/ U Sarajevu preminuo prof. dr. Slobodan Loga"},"content":{"rendered":"<p><img loading=\"lazy\" decoding=\"async\" class=\"size-large wp-image-55551 aligncenter\" src=\"https:\/\/pfsa.unsa.ba\/pf\/wp-content\/uploads\/2021\/12\/slobodan_loga-1024x704.jpg\" alt=\"\" width=\"625\" height=\"430\" srcset=\"https:\/\/pfsa.unsa.ba\/pf\/wp-content\/uploads\/2021\/12\/slobodan_loga-1024x704.jpg 1024w, https:\/\/pfsa.unsa.ba\/pf\/wp-content\/uploads\/2021\/12\/slobodan_loga-300x206.jpg 300w, https:\/\/pfsa.unsa.ba\/pf\/wp-content\/uploads\/2021\/12\/slobodan_loga-768x528.jpg 768w, https:\/\/pfsa.unsa.ba\/pf\/wp-content\/uploads\/2021\/12\/slobodan_loga.jpg 1180w\" sizes=\"auto, (max-width: 625px) 100vw, 625px\" \/><\/p>\n<p>Akademija nauka i umjetnosti Bosne i Hercegovine\u00a0obavijestila je bosanskohercegova\u010dku javnost da je <strong>4. decembra 2021. godine u Sarajevu preminuo istaknuti psihijatar, profesor emeritus Medicinskog fakulteta Univerziteta u Sarajevu i redovni \u010dlan Akademije nauka i umjetnosti Bosne i Hercegovine, akademik Slobodan Loga<\/strong>.<\/p>\n<p>Slobodan Loga ro\u0111en je 1936. godine u O\u0161trelju, Drvar. Osnovnu \u0161kolu, gimnaziju i Medicinski fakultet zavr\u0161io je u Sarajevu.<\/p>\n<div class=\"iAdserver\" data-iadserver-zone=\"264\"><\/div>\n<p>Specijalizirao je neuropsihijatriju 1966. godine. Postdiplomski studij eksperimentalne medicine poha\u0111ao je na Medicinskom fakultetu Univerziteta u Sarajevu (1967\u20131969), a postdiplomski kurs iz klini\u010dke psihofarmakologije na Institutu za farmakologiju Medicinskog fakulteta Karlovog Univerziteta u Pragu (1969\u20131970). Magistarski rad (1969) i doktorsku tezu (1973) odbranio je na Medicinskom fakultetu Univerziteta u Sarajevu.<\/p>\n<p>Mentor doktorskog rada (projekat realizovan na University of London \u2013 UK) bio mu je <strong>Malcolm Lader<\/strong>, jedan od najistaknutijih istra\u017eiva\u010da u podru\u010dju klini\u010dke psihofarmakologije.<\/p>\n<p>Univerzitetsku karijeru zapo\u010deo je kao asistent na Institutu za psihijatriju u Londonu (stipendija British Council), a nakon izbora u docenta i vanrednog profesora, stekao je zvanje redovnog profesora (1986) na Medicinskom fakultetu u Sarajevu. Od 1986. do 2000. godine bio je \u0161ef Katedre za neurologiju, psihijatriju i medicinsku psihologiju Medicinskog fakulteta Univerziteta u Sarajevu.<\/p>\n<p>Predavao je Pravnu medicinu na Pravnom fakultetu i Sudsku psihopatologiju na Fakultetu kriminalisti\u010dkih nauka Univerziteta u Sarajevu. U periodu od 1989. do 1991. godine bio je <strong>prorektor Univerziteta<\/strong> u Sarajevu. Emeritirani profesor je na Univerzitetu u Sarajevu od 2005. godine. Predavao je, po pozivu, na postdiplomskim studijama na univerzitetima <strong>u Evropi, Aziji i SAD<\/strong>. Bio je koordinator na postdiplomskim studijama Mentalno zdravlje u zajednici (Tempus program s partnerskim univerzitetima <strong>u Italiji, Engleskoj, Austriji i Sloveniji<\/strong>) i Dje\u010dija i adolescentna psihologija i psihijatrija (partner Umea Univerzitet <strong>u \u0160vedskoj<\/strong>). U magistarskom studiju Dr\u017eavni menad\u017ement i humanitarni poslovi u organizaciji Univerziteta u Sarajevu, Beogradu i Rimu (La Sapienza) bio je jedan od nosilaca modula.<\/p>\n<blockquote><p>Bio je voditelj modula Mentalno zdravlje na Medicinskom fakultetu Univerziteta u Sarajevu. Brojni ljekari su pod njegovim mentorstvom specijalizirali neuropsihijatriju i radili magistarske radove i doktorske teze. Obavljao je niz stru\u010dnih funkcija, od ljekara op\u0161te medicine, preko \u0161efa Odsjeka biolo\u0161ke psihijatrije i \u0161efa Psihijatrijske klinike u Sarajevu, potpredsjednika Univerzitetskog medicinskog centra Sarajevo, do \u010dlana Direktorijuma Klini\u010dkog centra Univerziteta u Sarajevu (1992\u20131997). Osniva\u010d je Odjeljenja intenzivne njege na Psihijatrijskoj klinici u Sarajevu.<\/p><\/blockquote>\n<p>Autor i koautor je brojnih publikovanih radova i knjiga, pisanih uglavnom u domenu klini\u010dke psihijatrije i psihofarmakologije. Dio radova objavio je i na nekoliko svjetskih jezika. U\u010destvovao je u vi\u0161e od 50 projekata kao glavni koordinator. Na brojnim me\u0111unarodnim nau\u010dnim i stru\u010dnim skupovima izlagao je svoja istra\u017eivanja.<\/p>\n<p><strong>Jedan je od 10 najcitiranijih istra\u017eiva\u010da u Bosni i Hercegovini<\/strong> u periodu od 1980. do 1990. godine i <strong>dobitnik je vi\u0161e priznanja<\/strong>, izme\u0111u ostalih, nagrade Isa-beg Ishakovi\u0107 za postignu\u0107a u nauci (2010). <strong>U\u010destvovao je u rje\u0161avanju izuzetnih nau\u010dnih problema<\/strong>, kao \u0161to su: neuroleptici u kombinovanoj terapiji shizofrenije (prvi je istra\u017eiva\u010d u SFRJ u oblasti klini\u010dke farmakokinetike psihofarmaka); uticaj psihi\u010dke traume u ratu na du\u0161evno zdravlje stanovni\u0161tva (psihijatrijska epidemiolo\u0161ka istra\u017eivanja u toku rata od 1992\u20131995) i organizacija za\u0161tite mentalnog zdravlja stanovni\u0161tva u Bosni i Hercegovini. Uticao je na organizaciono i programsko usmjeravanje u psihijatriji (definisao organizacioni model urgentne za\u0161tite psihijatrijskih bolesnika \u2013 jedinice intenzivne njege) i kao predsjednik ekspertne grupe Ministarstva zdravstva FBiH uspje\u0161no je vodio reformu za\u0161tite mentalnog zdravlja prema savremenim nau\u010dnim principima.<\/p>\n<p>\u010clan je Evropske akademije nauka i umjetnosti (Salzburg) od 2011. godine.<\/p>\n<p>Za dopisnog \u010dlana Akademije nauka i umjetnosti Bosne i Hercegovine u Odjeljenje medicinskih nauka izabran je 1995, a za redovnog 2005. godine. Bio je predsjednik Odbora za psihijatrijska i neurolo\u0161ka istra\u017eivanja Odjeljenja medicinskih nauka ANUBiH. U periodu od 2002. do 2008. godine bio je generalni sekretar Akademije nauka i umjetnosti Bosne i Hercegovine, a od 2008. do 2012. godine njen potpredsjednik.<\/p>\n<p><strong>Datum i vrijeme sahrane akademika Slobodana Loge bi\u0107e naknadno objavljeni.<\/strong><\/p>\n<p>Zbog pandemije COVID-19 <strong>komemorativna sjednica povodom smrti akademika Slobodana Loge bi\u0107e odgo\u0111ena<\/strong> dok se za nju ne stvore povoljni epidemiolo\u0161ki uslovi.<\/p>\n<p>Akademija nauka i umjetnosti Bosne i Hercegovine upu\u0107uje izraze najdubljeg i najiskrenijeg sau\u010de\u0161\u0107a porodici, saradnicima i prijateljima. <strong>Univerzitet u Sarajevu &#8211; Pravni fakultet tako\u0111er upu\u0107uje izraze dubokog sau\u010de\u0161\u0107a<\/strong> porodici i prijateljima.<\/p>\n","protected":false},"excerpt":{"rendered":"<p>Akademija nauka i umjetnosti Bosne i Hercegovine\u00a0obavijestila je bosanskohercegova\u010dku javnost da je 4. decembra 2021. godine u Sarajevu preminuo istaknuti psihijatar, profesor emeritus Medicinskog fakulteta Univerziteta u Sarajevu i redovni \u010dlan Akademije nauka i umjetnosti Bosne i Hercegovine, akademik Slobodan Loga. Slobodan Loga ro\u0111en je 1936. godine u O\u0161trelju, Drvar. Osnovnu \u0161kolu, gimnaziju i Medicinski [&hellip;]<\/p>\n","protected":false},"author":1,"featured_media":0,"comment_status":"closed","ping_status":"closed","sticky":false,"template":"","format":"standard","meta":{"_eb_attr":"","jetpack_post_was_ever_published":false,"_jetpack_newsletter_access":"","_jetpack_dont_email_post_to_subs":false,"_jetpack_newsletter_tier_id":0,"_jetpack_memberships_contains_paywalled_content":false,"_jetpack_memberships_contains_paid_content":false,"footnotes":""},"categories":[83],"tags":[],"class_list":["post-55550","post","type-post","status-publish","format-standard","hentry","category-aktivnosti-aktuelnosti","node node-blog clearfix"],"views":677,"jetpack_featured_media_url":"","jetpack_shortlink":"https:\/\/wp.me\/p9i2Az-erY","jetpack_sharing_enabled":true,"post_mailing_queue_ids":[],"_links":{"self":[{"href":"https:\/\/pfsa.unsa.ba\/pf\/wp-json\/wp\/v2\/posts\/55550","targetHints":{"allow":["GET"]}}],"collection":[{"href":"https:\/\/pfsa.unsa.ba\/pf\/wp-json\/wp\/v2\/posts"}],"about":[{"href":"https:\/\/pfsa.unsa.ba\/pf\/wp-json\/wp\/v2\/types\/post"}],"author":[{"embeddable":true,"href":"https:\/\/pfsa.unsa.ba\/pf\/wp-json\/wp\/v2\/users\/1"}],"replies":[{"embeddable":true,"href":"https:\/\/pfsa.unsa.ba\/pf\/wp-json\/wp\/v2\/comments?post=55550"}],"version-history":[{"count":5,"href":"https:\/\/pfsa.unsa.ba\/pf\/wp-json\/wp\/v2\/posts\/55550\/revisions"}],"predecessor-version":[{"id":55556,"href":"https:\/\/pfsa.unsa.ba\/pf\/wp-json\/wp\/v2\/posts\/55550\/revisions\/55556"}],"wp:attachment":[{"href":"https:\/\/pfsa.unsa.ba\/pf\/wp-json\/wp\/v2\/media?parent=55550"}],"wp:term":[{"taxonomy":"category","embeddable":true,"href":"https:\/\/pfsa.unsa.ba\/pf\/wp-json\/wp\/v2\/categories?post=55550"},{"taxonomy":"post_tag","embeddable":true,"href":"https:\/\/pfsa.unsa.ba\/pf\/wp-json\/wp\/v2\/tags?post=55550"}],"curies":[{"name":"wp","href":"https:\/\/api.w.org\/{rel}","templated":true}]}}