{"id":56169,"date":"2022-01-24T15:31:24","date_gmt":"2022-01-24T14:31:24","guid":{"rendered":"https:\/\/www.pfsa.unsa.ba\/pf\/?p=56169"},"modified":"2023-05-17T09:25:28","modified_gmt":"2023-05-17T07:25:28","slug":"memorijalna-predavanja-prof-dr-zdravko-grebo-1947-2019","status":"publish","type":"post","link":"https:\/\/pfsa.unsa.ba\/pf\/memorijalna-predavanja-prof-dr-zdravko-grebo-1947-2019\/","title":{"rendered":"Memorijalna predavanja  prof. dr. ZDRAVKO GREBO (1947-2019)"},"content":{"rendered":"<p>Povodom godi\u0161njice smrti profesora Pravnog fakulteta u Sarajevu, <em>Zdravka Grebe<\/em> (30. juli 1947. \u2013 29. januar 2019.), Centar za javno pravo uz podr\u0161ku Fonda otvoreno dru\u0161tvo BiH najavljuje seriju predavanja kojima \u017eeli potsjetiti na <em>Grebin<\/em> akademski, socijalni i politi\u010dki anga\u017eman. Prakti\u010dno djelovanje profesora <em>Grebe <\/em>je u biv\u0161oj Jugoslaviji imalo konture sistematskog rada na razvoju pravednog dru\u0161tva. Za vrijeme rata i u postratnom periodu bio je \u201e\u017eiva institucija\u201c koja je od univerziteta do ulice branila kulturu pred barbarstvom, poziciju \u010dovjeka pred svim formama kolektivisti\u010dkog nasilja i vrijednost racionalnog prava pred voluntarizmom. Uz njegovo ime se otvara pitanje mjere akademskog anga\u017emana u politici, nevladinom sektoru i socijalnim pokretima, a time i pitanje razumijevanja i reakcija na izazove aktuelnog trenutka u Bosni i Hercegovini, Srbiji i Hrvatskoj. Rije\u010d je, dakle, o zemljama biv\u0161e Jugoslavije koje su uvezane u bosansko\u00adhercegova\u010dke ustavne i politi\u010dke stranputice.<\/p>\n<p>Memorijalna predavanja \u0107e upravo zbog toga tematizirati probleme koji optere\u0107uju odnose u BiH i susjednim zemljama. Predava\u010di su ugledni intelektualci: <em>Sonja Biserko<\/em> (Beograd), <em>Ivan \u0160ar\u010devi\u0107<\/em> (Sarajevo), <em>\u017darko Kora\u0107<\/em> (Beograd), <em>Tvrtko Jakovina<\/em> (Zagreb), <em>Edin \u0160ar\u010devi\u0107<\/em> (Leipzig) i <em>Dejan Jovi\u0107<\/em> (Zagreb). Oni \u0107e izabrane problem predstaviti ideolo\u0161ki neutralno i u skladu sa strogim metodolo\u0161kim zahtjevima vlastite struke. Spektar tema obuhvata rekonstrukciju odnosa Hrvatske i BiH, Hrvata prema BiH, smisla i dometa \u201esprskog sveta\u201c, eti\u010dnosti u politici, unutra\u0161nje logike autoritarnih dru\u0161tava i prava naroda na samoopredjeljenje. Predavanja su otvorena, pristup je mogu\u0107 u online formi putem Zoom-aplikacije.<\/p>\n<p>Centar za javno pravo uspostavlja kulturu dijaloga i ovom najavom pozivamo, i na predavanja, i na u\u010de\u0161\u0107e u raspravi kako bi se predstave o doga\u0111ajima i prakti\u010dnoj politici rasteretili mitologiziranih slika i oslobodile debelog sloja ideolo\u0161kih naslaga nane\u0161enih po stvarnim doga\u0111ajima.<\/p>\n<p>Demistifikacija politi\u010dke prakse koja je obesna\u017eila poziciju samog \u010dovjeka i dignitet njegovog dostojanstva u cjelini korespondira sa sveukupnim anga\u017emanom <em>Zdravka Grebe<\/em>.<\/p>\n<p>Termini predavanja:<\/p>\n<ol start=\"10\">\n<li>februar 2022. <strong>Sonja Biserko<\/strong>: Srpski svet \u2013 reakcije civilnog sektora<\/li>\n<li>februara 2022. <strong>Ivan \u0160ar\u010devi\u0107<\/strong>: Moralna politika u BiH?<\/li>\n<li>februar 2022 <strong>\u017darko Kora\u0107<\/strong> : Dru\u0161tveni stavovi i struktura li\u010dnosti \u2013 iskustva tranzicije<\/li>\n<li>mart 2022. <strong>Edin \u0160ar\u010devi\u0107<\/strong>: Pravo naroda na samoopredjeljenje sa otcjepljenjem<\/li>\n<li>mart 2022. <strong>Dejan Jovi\u0107<\/strong>: Hrvatsko-bosanskohercegova\u010dki odnosi<\/li>\n<li>marta 2022. <strong>Tvrtko Jakovina<\/strong>: Kakva Bosna i Hercegovina bi trebala Hrvatskoj i Hrvatima<\/li>\n<\/ol>\n<p>Dodatak:<\/p>\n<p><a href=\"https:\/\/pfsa.unsa.ba\/pf\/wp-content\/uploads\/2022\/01\/2.Poster_2.pdf\">2.Poster_2<\/a><\/p>\n<p><a href=\"https:\/\/pfsa.unsa.ba\/pf\/wp-content\/uploads\/2022\/01\/1.Poster_2_1.pdf\">1.Poster_2_1<\/a><\/p>\n<p><a href=\"https:\/\/pfsa.unsa.ba\/pf\/wp-content\/uploads\/2022\/01\/Poster-1.jpg\"><img loading=\"lazy\" decoding=\"async\" class=\"alignnone size-medium wp-image-56172\" src=\"https:\/\/pfsa.unsa.ba\/pf\/wp-content\/uploads\/2022\/01\/Poster-1-212x300.jpg\" alt=\"\" width=\"212\" height=\"300\" srcset=\"https:\/\/pfsa.unsa.ba\/pf\/wp-content\/uploads\/2022\/01\/Poster-1-212x300.jpg 212w, https:\/\/pfsa.unsa.ba\/pf\/wp-content\/uploads\/2022\/01\/Poster-1-768x1086.jpg 768w, https:\/\/pfsa.unsa.ba\/pf\/wp-content\/uploads\/2022\/01\/Poster-1-724x1024.jpg 724w, https:\/\/pfsa.unsa.ba\/pf\/wp-content\/uploads\/2022\/01\/Poster-1.jpg 842w\" sizes=\"auto, (max-width: 212px) 100vw, 212px\" \/><\/a><a href=\"https:\/\/pfsa.unsa.ba\/pf\/wp-content\/uploads\/2022\/01\/Poster-2-002.jpg.png\"><img loading=\"lazy\" decoding=\"async\" class=\"alignnone size-medium wp-image-56173\" src=\"https:\/\/pfsa.unsa.ba\/pf\/wp-content\/uploads\/2022\/01\/Poster-2-002.jpg-212x300.png\" alt=\"\" width=\"212\" height=\"300\" srcset=\"https:\/\/pfsa.unsa.ba\/pf\/wp-content\/uploads\/2022\/01\/Poster-2-002.jpg-212x300.png 212w, https:\/\/pfsa.unsa.ba\/pf\/wp-content\/uploads\/2022\/01\/Poster-2-002.jpg-768x1086.png 768w, https:\/\/pfsa.unsa.ba\/pf\/wp-content\/uploads\/2022\/01\/Poster-2-002.jpg-724x1024.png 724w, https:\/\/pfsa.unsa.ba\/pf\/wp-content\/uploads\/2022\/01\/Poster-2-002.jpg.png 842w\" sizes=\"auto, (max-width: 212px) 100vw, 212px\" \/><\/a><\/p>\n","protected":false},"excerpt":{"rendered":"<p>Povodom godi\u0161njice smrti profesora Pravnog fakulteta u Sarajevu, Zdravka Grebe (30. juli 1947. \u2013 29. januar 2019.), Centar za javno pravo uz podr\u0161ku Fonda otvoreno dru\u0161tvo BiH najavljuje seriju predavanja kojima \u017eeli potsjetiti na Grebin akademski, socijalni i politi\u010dki anga\u017eman. Prakti\u010dno djelovanje profesora Grebe je u biv\u0161oj Jugoslaviji imalo konture sistematskog rada na razvoju pravednog [&hellip;]<\/p>\n","protected":false},"author":2,"featured_media":0,"comment_status":"closed","ping_status":"closed","sticky":false,"template":"","format":"standard","meta":{"_eb_attr":"","jetpack_post_was_ever_published":false,"_jetpack_newsletter_access":"","_jetpack_dont_email_post_to_subs":false,"_jetpack_newsletter_tier_id":0,"_jetpack_memberships_contains_paywalled_content":false,"_jetpack_memberships_contains_paid_content":false,"footnotes":""},"categories":[83],"tags":[],"class_list":["post-56169","post","type-post","status-publish","format-standard","hentry","category-aktivnosti-aktuelnosti","node node-blog clearfix"],"views":749,"jetpack_featured_media_url":"","jetpack_shortlink":"https:\/\/wp.me\/p9i2Az-eBX","jetpack_sharing_enabled":true,"post_mailing_queue_ids":[],"_links":{"self":[{"href":"https:\/\/pfsa.unsa.ba\/pf\/wp-json\/wp\/v2\/posts\/56169","targetHints":{"allow":["GET"]}}],"collection":[{"href":"https:\/\/pfsa.unsa.ba\/pf\/wp-json\/wp\/v2\/posts"}],"about":[{"href":"https:\/\/pfsa.unsa.ba\/pf\/wp-json\/wp\/v2\/types\/post"}],"author":[{"embeddable":true,"href":"https:\/\/pfsa.unsa.ba\/pf\/wp-json\/wp\/v2\/users\/2"}],"replies":[{"embeddable":true,"href":"https:\/\/pfsa.unsa.ba\/pf\/wp-json\/wp\/v2\/comments?post=56169"}],"version-history":[{"count":3,"href":"https:\/\/pfsa.unsa.ba\/pf\/wp-json\/wp\/v2\/posts\/56169\/revisions"}],"predecessor-version":[{"id":56176,"href":"https:\/\/pfsa.unsa.ba\/pf\/wp-json\/wp\/v2\/posts\/56169\/revisions\/56176"}],"wp:attachment":[{"href":"https:\/\/pfsa.unsa.ba\/pf\/wp-json\/wp\/v2\/media?parent=56169"}],"wp:term":[{"taxonomy":"category","embeddable":true,"href":"https:\/\/pfsa.unsa.ba\/pf\/wp-json\/wp\/v2\/categories?post=56169"},{"taxonomy":"post_tag","embeddable":true,"href":"https:\/\/pfsa.unsa.ba\/pf\/wp-json\/wp\/v2\/tags?post=56169"}],"curies":[{"name":"wp","href":"https:\/\/api.w.org\/{rel}","templated":true}]}}