{"id":57641,"date":"2022-03-16T15:21:41","date_gmt":"2022-03-16T14:21:41","guid":{"rendered":"https:\/\/www.pfsa.unsa.ba\/pf\/?p=57641"},"modified":"2023-05-17T09:25:28","modified_gmt":"2023-05-17T07:25:28","slug":"preminuo-je-nas-ugledni-profesor-fikret-karcic","status":"publish","type":"post","link":"https:\/\/pfsa.unsa.ba\/pf\/preminuo-je-nas-ugledni-profesor-fikret-karcic\/","title":{"rendered":"In memoriam &#8211; Prof. dr. Fikret Kar\u010di\u0107 (1955-2022)"},"content":{"rendered":"<div class=\"single-intro\">\n<p><a href=\"https:\/\/pfsa.unsa.ba\/pf\/wp-content\/uploads\/2022\/03\/fikret_karcic_aa.jpg\"><img loading=\"lazy\" decoding=\"async\" class=\"alignnone size-medium wp-image-57643\" src=\"https:\/\/pfsa.unsa.ba\/pf\/wp-content\/uploads\/2022\/03\/fikret_karcic_aa-300x186.jpg\" alt=\"\" width=\"300\" height=\"186\" srcset=\"https:\/\/pfsa.unsa.ba\/pf\/wp-content\/uploads\/2022\/03\/fikret_karcic_aa-300x186.jpg 300w, https:\/\/pfsa.unsa.ba\/pf\/wp-content\/uploads\/2022\/03\/fikret_karcic_aa-768x476.jpg 768w, https:\/\/pfsa.unsa.ba\/pf\/wp-content\/uploads\/2022\/03\/fikret_karcic_aa.jpg 871w\" sizes=\"auto, (max-width: 300px) 100vw, 300px\" \/><\/a><\/p>\n<\/div>\n<div class=\"single-text\">\n<p>Prof. dr. Fikret Kar\u010di\u010d (1955-2022)<\/p>\n<p>U Sarajevu nas je 16. marta 2022. godine u 68. godini napustio ugledni \u010dlan akademske zajednice dr. Fikret Kar\u010di\u0107, redovni profesor Pravnog fakulteta Univerziteta u Sarajevu.<\/p>\n<p>Fikret Kar\u010di\u0107 je ro\u0111en u Vi\u0161egradu 1955. godine. Srednjo\u0161kolsko obrazovanje je stekao u Gazi Husrev-begovoj medresi u Sarajevu. Diplomirao je 1978. godine na Pravnom fakultetu u Sarajevu. Stepen magistra i doktora nauka stekao je na Pravnom fakultetu Univerziteta u Beogradu 1985., odnosno 1989. godine.<\/p>\n<p>Bio je profesor komparativne pravne historije na Pravnom fakultetu Univerziteta u Sarajevu. Predavao je na Fakultetu islamskih nauka u Sarajevu, Marmara univerzitetu u Istanbulu, Me\u0111unarodnom islamskom univerzitetu Malezija, Univerzitetu u Oslu i Boise State University (SAD).<\/p>\n<p>Njegov glavni akademski interes bile su komparativne pravne kulture, historija islamskog prava i institucija u Bosni i Hercegovini u post-osmanskom periodu, reformisti\u010dki pokreti u islamu i balkanski muslimani.<\/p>\n<p>Kar\u010di\u0107 je obna\u0161ao du\u017enost prodekana za nau\u010dnoistra\u017eiva\u010dki rad na Pravnom fakultetu u Sarajevu (2017-2021.), \u010dlan redakcije Godi\u0161njaka Pravnog fakulteta u Sarajevu, dva mandata predsjednik Ustavnog suda Islamske zajednice i drugo.<\/p>\n<p>Godine 2018. zajedno s dr. Enesom Kari\u0107em bio je dobitnik presti\u017ene nagrade za \u017eivotne djelo koje dodjeljuje Udru\u017eenje muslimanskih dru\u0161tvenih nau\u010dnika (UK).<\/p>\n<p>Me\u0111u objavljenim djelima uz nekoliko fakultetskih ud\u017ebenika, izdvajaju se &#8220;\u0160erijatski sudovi u Jugoslaviji 1918-1941&#8221;, &#8220;Dru\u0161tveno-pravni aspekt islamskog reformizma&#8221;, &#8220;The Bosniaks and the Challanges of Modernity: Late Ottoman and Habsburg Times&#8221;, &#8220;Studije o \u0161erijatskom pravu i institucijama&#8221;, &#8220;Metodi istra\u017eivanja u islamskim naukama&#8221;, &#8220;Muslimani Balkana: isto\u010dno pitanje u XX vijeku&#8221;, &#8220;The Other European Muslims: A Bosnian Experience&#8221;.<\/p>\n<p>Odlazak profesora Kar\u010di\u0107a predstavlja nenadoknadiv gubitak za akademsku zajednicu i kolektiv Pravnog fakulteta u Sarajevu.<\/p>\n<\/div>\n","protected":false},"excerpt":{"rendered":"<p>Prof. dr. Fikret Kar\u010di\u010d (1955-2022) U Sarajevu nas je 16. marta 2022. godine u 68. godini napustio ugledni \u010dlan akademske zajednice dr. Fikret Kar\u010di\u0107, redovni profesor Pravnog fakulteta Univerziteta u Sarajevu. Fikret Kar\u010di\u0107 je ro\u0111en u Vi\u0161egradu 1955. godine. Srednjo\u0161kolsko obrazovanje je stekao u Gazi Husrev-begovoj medresi u Sarajevu. Diplomirao je 1978. godine na Pravnom [&hellip;]<\/p>\n","protected":false},"author":2,"featured_media":0,"comment_status":"closed","ping_status":"closed","sticky":false,"template":"","format":"standard","meta":{"_eb_attr":"","jetpack_post_was_ever_published":false,"_jetpack_newsletter_access":"","_jetpack_dont_email_post_to_subs":false,"_jetpack_newsletter_tier_id":0,"_jetpack_memberships_contains_paywalled_content":false,"_jetpack_memberships_contains_paid_content":false,"footnotes":""},"categories":[83],"tags":[],"class_list":["post-57641","post","type-post","status-publish","format-standard","hentry","category-aktivnosti-aktuelnosti","node node-blog clearfix"],"views":969,"jetpack_featured_media_url":"","jetpack_shortlink":"https:\/\/wp.me\/p9i2Az-eZH","jetpack_sharing_enabled":true,"post_mailing_queue_ids":[],"_links":{"self":[{"href":"https:\/\/pfsa.unsa.ba\/pf\/wp-json\/wp\/v2\/posts\/57641","targetHints":{"allow":["GET"]}}],"collection":[{"href":"https:\/\/pfsa.unsa.ba\/pf\/wp-json\/wp\/v2\/posts"}],"about":[{"href":"https:\/\/pfsa.unsa.ba\/pf\/wp-json\/wp\/v2\/types\/post"}],"author":[{"embeddable":true,"href":"https:\/\/pfsa.unsa.ba\/pf\/wp-json\/wp\/v2\/users\/2"}],"replies":[{"embeddable":true,"href":"https:\/\/pfsa.unsa.ba\/pf\/wp-json\/wp\/v2\/comments?post=57641"}],"version-history":[{"count":3,"href":"https:\/\/pfsa.unsa.ba\/pf\/wp-json\/wp\/v2\/posts\/57641\/revisions"}],"predecessor-version":[{"id":57646,"href":"https:\/\/pfsa.unsa.ba\/pf\/wp-json\/wp\/v2\/posts\/57641\/revisions\/57646"}],"wp:attachment":[{"href":"https:\/\/pfsa.unsa.ba\/pf\/wp-json\/wp\/v2\/media?parent=57641"}],"wp:term":[{"taxonomy":"category","embeddable":true,"href":"https:\/\/pfsa.unsa.ba\/pf\/wp-json\/wp\/v2\/categories?post=57641"},{"taxonomy":"post_tag","embeddable":true,"href":"https:\/\/pfsa.unsa.ba\/pf\/wp-json\/wp\/v2\/tags?post=57641"}],"curies":[{"name":"wp","href":"https:\/\/api.w.org\/{rel}","templated":true}]}}