{"id":61372,"date":"2022-12-01T15:53:45","date_gmt":"2022-12-01T14:53:45","guid":{"rendered":"https:\/\/www.pfsa.unsa.ba\/pf\/?p=61372"},"modified":"2023-05-17T09:25:28","modified_gmt":"2023-05-17T07:25:28","slug":"poziv-za-prijavu-naucnih-radova-za-master-i-doktorske-studente-ice","status":"publish","type":"post","link":"https:\/\/pfsa.unsa.ba\/pf\/poziv-za-prijavu-naucnih-radova-za-master-i-doktorske-studente-ice\/","title":{"rendered":"Poziv za prijavu nau\u010dnih radova za master i doktorske studente\/ice"},"content":{"rendered":"<p class=\"contentpasted0\"><span style=\"font-size: 10.0pt; font-family: 'Helvetica Neue',serif; color: black; background: white;\">Mre\u017ea SEELS (Mre\u017ea javnih pravnih fakulteta u Jugoisto\u010dnoj Evropi, \u010dija je \u010dlanica i Pravni fakultet) nedavno je pozvana da u\u010destvuje u Pozivu za radove koji \u0107e biti objavljeni u zborniku radova, nakon Kongresa koji organizuje Union Internationale des Huissiers de Justice \u2013 Me\u0111unarodna unija pravosudnih slu\u017ebenika (UIHJ) u periodu od 8. do 10. maja 2024. u Rio de Janeiro-u u Brazilu.<\/span><\/p>\n<p class=\"contentpasted0\"><span style=\"font-size: 10.0pt; font-family: 'Helvetica Neue',serif; color: black; background: white;\">Kongres \u0107e biti usredsre\u0111en na sljede\u0107u temu &#8211; \u201eSudski slu\u017ebenik: tre\u0107a strana od poverenja\u201c i otvoren je za studente master i doktorskih studija iz na\u0161e mre\u017ee. Pristigle radove \u0107e evaluirati \u017eiri sastavljen od predsjednika UIHJ-a, generalnog izvjestitelja Kongresa i po jednog predstavnika svakog partnera. Izdava\u010d Larcier \u0107e objaviti radove u zbirci pisanih radova XXV me\u0111unarodnog kongresa UIHJ-a.<\/span><\/p>\n<p class=\"contentpasted0\"><span style=\"font-size: 10.0pt; font-family: 'Helvetica Neue',serif; color: black; background: white;\">Od svih pristiglih radova, 3 najbolja rada bi\u0107e nagra\u0111ena<span class=\"apple-converted-space\">\u00a0 <\/span>i to na sljede\u0107i na\u010din:<\/span><\/p>\n<p class=\"contentpasted0\"><span style=\"font-size: 10.0pt; font-family: 'Helvetica Neue',serif; color: black; background: white;\">*najbolji rad &#8211; u\u010de\u0161\u0107e\/prezentacija na Kongresu,<span class=\"apple-converted-space\">\u00a0<\/span><\/span><\/p>\n<p class=\"contentpasted0\"><span style=\"font-size: 10.0pt; font-family: 'Helvetica Neue',serif; color: black; background: white;\">*drugi najbolji rad &#8211; 500 EUR i<span class=\"apple-converted-space\">\u00a0<\/span><\/span><\/p>\n<p class=\"contentpasted0\"><span class=\"apple-converted-space\"><span style=\"font-size: 10.0pt; font-family: 'Helvetica Neue',serif; color: black; background: white;\">\u00a0<\/span><\/span><span style=\"font-size: 10.0pt; font-family: 'Helvetica Neue',serif; color: black; background: white;\">*tre\u0107i najbolji rad &#8211; 250 EUR.<\/span><\/p>\n<p><span class=\"contentpasted01\"><span style=\"font-size: 10.0pt; font-family: 'Helvetica Neue',serif; color: black; background: white;\">Poziv \u0107e biti otvoren do 1. Septembra 2023. godine, a vi\u0161e detalja mo\u017eetete prona\u0107i na sljede\u0107em linku:<\/span><\/span><span class=\"apple-converted-space\"><span style=\"font-size: 10.0pt; font-family: 'Helvetica Neue',serif; color: black; background: white;\">\u00a0 <\/span><\/span><span class=\"contentpasted01\"><span style=\"font-size: 10.0pt; font-family: 'Helvetica Neue',serif; color: black; background: white;\"><a href=\"https:\/\/www.uihj.com\/wp-content\/uploads\/2022\/08\/CALL-FOR-PAPERS-REGLEMENT.pdf?fbclid=IwAR1wyv3ihRDSDonL7ydmF8RtCa16hK6YLJvwzu0J6Lpy4YnVxBBatLqn5_8\">https:\/\/www.uihj.com\/wp-content\/uploads\/2022\/08\/CALL-FOR-PAPERS-REGLEMENT.pdf?fbclid=IwAR1wyv3ihRDSDonL7ydmF8RtCa16hK6YLJvwzu0J6Lpy4YnVxBBatLqn5_8<\/a><\/span><\/span><\/p>\n","protected":false},"excerpt":{"rendered":"<p>Mre\u017ea SEELS (Mre\u017ea javnih pravnih fakulteta u Jugoisto\u010dnoj Evropi, \u010dija je \u010dlanica i Pravni fakultet) nedavno je pozvana da u\u010destvuje u Pozivu za radove koji \u0107e biti objavljeni u zborniku radova, nakon Kongresa koji organizuje Union Internationale des Huissiers de Justice \u2013 Me\u0111unarodna unija pravosudnih slu\u017ebenika (UIHJ) u periodu od 8. do 10. maja 2024. [&hellip;]<\/p>\n","protected":false},"author":2,"featured_media":0,"comment_status":"closed","ping_status":"closed","sticky":false,"template":"","format":"standard","meta":{"_eb_attr":"","jetpack_post_was_ever_published":false,"_jetpack_newsletter_access":"","_jetpack_dont_email_post_to_subs":false,"_jetpack_newsletter_tier_id":0,"_jetpack_memberships_contains_paywalled_content":false,"_jetpack_memberships_contains_paid_content":false,"footnotes":""},"categories":[83],"tags":[],"class_list":["post-61372","post","type-post","status-publish","format-standard","hentry","category-aktivnosti-aktuelnosti","node node-blog clearfix"],"views":657,"jetpack_featured_media_url":"","jetpack_shortlink":"https:\/\/wp.me\/p9i2Az-fXS","jetpack_sharing_enabled":true,"post_mailing_queue_ids":[],"_links":{"self":[{"href":"https:\/\/pfsa.unsa.ba\/pf\/wp-json\/wp\/v2\/posts\/61372","targetHints":{"allow":["GET"]}}],"collection":[{"href":"https:\/\/pfsa.unsa.ba\/pf\/wp-json\/wp\/v2\/posts"}],"about":[{"href":"https:\/\/pfsa.unsa.ba\/pf\/wp-json\/wp\/v2\/types\/post"}],"author":[{"embeddable":true,"href":"https:\/\/pfsa.unsa.ba\/pf\/wp-json\/wp\/v2\/users\/2"}],"replies":[{"embeddable":true,"href":"https:\/\/pfsa.unsa.ba\/pf\/wp-json\/wp\/v2\/comments?post=61372"}],"version-history":[{"count":1,"href":"https:\/\/pfsa.unsa.ba\/pf\/wp-json\/wp\/v2\/posts\/61372\/revisions"}],"predecessor-version":[{"id":61373,"href":"https:\/\/pfsa.unsa.ba\/pf\/wp-json\/wp\/v2\/posts\/61372\/revisions\/61373"}],"wp:attachment":[{"href":"https:\/\/pfsa.unsa.ba\/pf\/wp-json\/wp\/v2\/media?parent=61372"}],"wp:term":[{"taxonomy":"category","embeddable":true,"href":"https:\/\/pfsa.unsa.ba\/pf\/wp-json\/wp\/v2\/categories?post=61372"},{"taxonomy":"post_tag","embeddable":true,"href":"https:\/\/pfsa.unsa.ba\/pf\/wp-json\/wp\/v2\/tags?post=61372"}],"curies":[{"name":"wp","href":"https:\/\/api.w.org\/{rel}","templated":true}]}}