{"id":65110,"date":"2023-09-26T14:50:06","date_gmt":"2023-09-26T12:50:06","guid":{"rendered":"https:\/\/www.pfsa.unsa.ba\/pf\/?p=65110"},"modified":"2024-06-11T10:45:38","modified_gmt":"2024-06-11T08:45:38","slug":"svecano-otvaranje-smjera-pravo-vijeca-evrope","status":"publish","type":"post","link":"https:\/\/pfsa.unsa.ba\/pf\/svecano-otvaranje-smjera-pravo-vijeca-evrope\/","title":{"rendered":"Sve\u010dano otvaranje smjera \u201ePravo Vije\u0107a Evrope\u201c"},"content":{"rendered":"<p>Sve\u010dano otvaranje smjera Pravo Vije\u0107a Evrope na II ciklusu studija bit \u0107e uprili\u010deno u <strong>ponedjeljak, 9. oktobra 2023. godine sa po\u010detkom u 17:00 sati u sali postdiplomskog studija UNSA-Pravnog fakulteta\u00a0 (Obala Kulina bana 7\/III)<\/strong> uz predstavljanje programa.<\/p>\n<p>Sve\u010dano otvaranje \u0107e pozdravnim obra\u0107anjima otvoriti dekanica Pravnog fakulteta, prof. dr Zinka Grbo.<\/p>\n<p>Uvodno izlaganje \u00a0odr\u017eat \u0107e Bojana Urumova, \u0161efica Ureda Vije\u0107a Evrope u Sarajevu.<\/p>\n<p>Program smjera \u0107e predstaviti prof. dr Jasminka Grada\u0161\u010devi\u0107-Sijer\u010di\u0107, \u0161efica Katedre za dr\u017eavno i me\u0111unarodno javno pravo u okviru koje se organizira i izvodi smjer Pravo Vije\u0107a Evrope na II ciklusu studija.<\/p>\n<p>Sve\u010danom otvaranju \u0107e prisustvovati predstavnici Vije\u0107a Evrope, strane diplomate, akademsko osoblje UNSA-Pravnog fakulteta i studenti\/tice smjera Pravo Vije\u0107a Evrope.<\/p>\n<p><a href=\"https:\/\/pfsa.unsa.ba\/pf\/wp-content\/uploads\/2023\/09\/Program-svecanog-otvaranja-magisterija-1.pdf\">Program sve\u010danog otvaranja magisterija<\/a><\/p>\n<p>&nbsp;<\/p>\n","protected":false},"excerpt":{"rendered":"<p>Sve\u010dano otvaranje smjera Pravo Vije\u0107a Evrope na II ciklusu studija bit \u0107e uprili\u010deno u ponedjeljak, 9. oktobra 2023. godine sa po\u010detkom u 17:00 sati u sali postdiplomskog studija UNSA-Pravnog fakulteta\u00a0 (Obala Kulina bana 7\/III) uz predstavljanje programa. Sve\u010dano otvaranje \u0107e pozdravnim obra\u0107anjima otvoriti dekanica Pravnog fakulteta, prof. dr Zinka Grbo. Uvodno izlaganje \u00a0odr\u017eat \u0107e Bojana [&hellip;]<\/p>\n","protected":false},"author":2,"featured_media":0,"comment_status":"closed","ping_status":"closed","sticky":false,"template":"","format":"standard","meta":{"_eb_attr":"","jetpack_post_was_ever_published":false,"_jetpack_newsletter_access":"","_jetpack_dont_email_post_to_subs":false,"_jetpack_newsletter_tier_id":0,"_jetpack_memberships_contains_paywalled_content":false,"_jetpack_memberships_contains_paid_content":false,"footnotes":""},"categories":[83],"tags":[],"class_list":["post-65110","post","type-post","status-publish","format-standard","hentry","category-aktivnosti-aktuelnosti","node node-blog clearfix"],"views":878,"jetpack_featured_media_url":"","jetpack_shortlink":"https:\/\/wp.me\/p9i2Az-gWa","jetpack_sharing_enabled":true,"post_mailing_queue_ids":[],"_links":{"self":[{"href":"https:\/\/pfsa.unsa.ba\/pf\/wp-json\/wp\/v2\/posts\/65110","targetHints":{"allow":["GET"]}}],"collection":[{"href":"https:\/\/pfsa.unsa.ba\/pf\/wp-json\/wp\/v2\/posts"}],"about":[{"href":"https:\/\/pfsa.unsa.ba\/pf\/wp-json\/wp\/v2\/types\/post"}],"author":[{"embeddable":true,"href":"https:\/\/pfsa.unsa.ba\/pf\/wp-json\/wp\/v2\/users\/2"}],"replies":[{"embeddable":true,"href":"https:\/\/pfsa.unsa.ba\/pf\/wp-json\/wp\/v2\/comments?post=65110"}],"version-history":[{"count":4,"href":"https:\/\/pfsa.unsa.ba\/pf\/wp-json\/wp\/v2\/posts\/65110\/revisions"}],"predecessor-version":[{"id":65116,"href":"https:\/\/pfsa.unsa.ba\/pf\/wp-json\/wp\/v2\/posts\/65110\/revisions\/65116"}],"wp:attachment":[{"href":"https:\/\/pfsa.unsa.ba\/pf\/wp-json\/wp\/v2\/media?parent=65110"}],"wp:term":[{"taxonomy":"category","embeddable":true,"href":"https:\/\/pfsa.unsa.ba\/pf\/wp-json\/wp\/v2\/categories?post=65110"},{"taxonomy":"post_tag","embeddable":true,"href":"https:\/\/pfsa.unsa.ba\/pf\/wp-json\/wp\/v2\/tags?post=65110"}],"curies":[{"name":"wp","href":"https:\/\/api.w.org\/{rel}","templated":true}]}}