{"id":72628,"date":"2025-05-12T13:16:54","date_gmt":"2025-05-12T11:16:54","guid":{"rendered":"https:\/\/www.pfsa.unsa.ba\/pf\/?p=72628"},"modified":"2025-05-12T13:16:54","modified_gmt":"2025-05-12T11:16:54","slug":"odbrana-zavrsnog-rada-arnela-dzehovic","status":"publish","type":"post","link":"https:\/\/pfsa.unsa.ba\/pf\/odbrana-zavrsnog-rada-arnela-dzehovic\/","title":{"rendered":"Odbrana zavr\u0161nog rada &#8211; Arnela D\u017eehovi\u0107"},"content":{"rendered":"<p style=\"text-align: left\">Na Univerzitetu u Sarajevu &#8211; Pravnom fakultetu, <strong><u>Arnela D\u017eehovi\u0107,<\/u> <\/strong>studentica II ciklusa studija na Katedri pravno-ekonomskih nauka, Pravnoekonomski smjer, branit \u0107e zavr\u0161ni rad pod naslovom<strong>\u00a0<\/strong><\/p>\n<p style=\"text-align: center\"><strong><u>\u201cUticaj sive ekonomije i nelegalnih operacija na ekonomski razvoj Bosne i Hercegovine<\/u><\/strong><strong>\u201d<\/strong><strong>\u00a0<\/strong><\/p>\n<p style=\"text-align: center\"><strong>u utorak, 27.05.2025. godine <\/strong><strong>u 11:00 sati.<\/strong><\/p>\n<p><strong>\u00a0<\/strong>Odbrana je javna i istoj se mo\u017ee prisustvovati, a odr\u017eat \u0107e se u sali postdiplomskog studija, III sprat, lijevo.<\/p>\n<p style=\"text-align: right\"><strong>Slu\u017eba za nastavu\u00a0<\/strong><\/p>\n<p style=\"text-align: right\"><strong>\u00a0\u00a0\u00a0\u00a0\u00a0\u00a0\u00a0\u00a0\u00a0\u00a0\u00a0\u00a0\u00a0\u00a0\u00a0\u00a0\u00a0\u00a0\u00a0\u00a0\u00a0\u00a0\u00a0\u00a0\u00a0\u00a0\u00a0\u00a0\u00a0\u00a0\u00a0\u00a0\u00a0\u00a0\u00a0\u00a0\u00a0\u00a0\u00a0\u00a0\u00a0\u00a0\u00a0\u00a0\u00a0\u00a0\u00a0\u00a0\u00a0Odjel za rad sa studentima II i III ciklusa studija<\/strong><\/p>\n","protected":false},"excerpt":{"rendered":"<p>Na Univerzitetu u Sarajevu &#8211; Pravnom fakultetu, Arnela D\u017eehovi\u0107, studentica II ciklusa studija na Katedri pravno-ekonomskih nauka, Pravnoekonomski smjer, branit \u0107e zavr\u0161ni rad pod naslovom\u00a0 \u201cUticaj sive ekonomije i nelegalnih operacija na ekonomski razvoj Bosne i Hercegovine\u201d\u00a0 u utorak, 27.05.2025. godine u 11:00 sati. \u00a0Odbrana je javna i istoj se mo\u017ee prisustvovati, a odr\u017eat \u0107e [&hellip;]<\/p>\n","protected":false},"author":58,"featured_media":0,"comment_status":"closed","ping_status":"closed","sticky":false,"template":"","format":"standard","meta":{"_eb_attr":"","jetpack_post_was_ever_published":false,"_jetpack_newsletter_access":"","_jetpack_dont_email_post_to_subs":false,"_jetpack_newsletter_tier_id":0,"_jetpack_memberships_contains_paywalled_content":false,"_jetpack_memberships_contains_paid_content":false,"footnotes":""},"categories":[2613],"tags":[],"class_list":["post-72628","post","type-post","status-publish","format-standard","hentry","category-zavrsni-radovi","node node-blog clearfix"],"views":320,"jetpack_featured_media_url":"","jetpack_shortlink":"https:\/\/wp.me\/p9i2Az-iTq","jetpack_sharing_enabled":true,"post_mailing_queue_ids":[],"_links":{"self":[{"href":"https:\/\/pfsa.unsa.ba\/pf\/wp-json\/wp\/v2\/posts\/72628","targetHints":{"allow":["GET"]}}],"collection":[{"href":"https:\/\/pfsa.unsa.ba\/pf\/wp-json\/wp\/v2\/posts"}],"about":[{"href":"https:\/\/pfsa.unsa.ba\/pf\/wp-json\/wp\/v2\/types\/post"}],"author":[{"embeddable":true,"href":"https:\/\/pfsa.unsa.ba\/pf\/wp-json\/wp\/v2\/users\/58"}],"replies":[{"embeddable":true,"href":"https:\/\/pfsa.unsa.ba\/pf\/wp-json\/wp\/v2\/comments?post=72628"}],"version-history":[{"count":1,"href":"https:\/\/pfsa.unsa.ba\/pf\/wp-json\/wp\/v2\/posts\/72628\/revisions"}],"predecessor-version":[{"id":72629,"href":"https:\/\/pfsa.unsa.ba\/pf\/wp-json\/wp\/v2\/posts\/72628\/revisions\/72629"}],"wp:attachment":[{"href":"https:\/\/pfsa.unsa.ba\/pf\/wp-json\/wp\/v2\/media?parent=72628"}],"wp:term":[{"taxonomy":"category","embeddable":true,"href":"https:\/\/pfsa.unsa.ba\/pf\/wp-json\/wp\/v2\/categories?post=72628"},{"taxonomy":"post_tag","embeddable":true,"href":"https:\/\/pfsa.unsa.ba\/pf\/wp-json\/wp\/v2\/tags?post=72628"}],"curies":[{"name":"wp","href":"https:\/\/api.w.org\/{rel}","templated":true}]}}