{"id":73954,"date":"2025-09-29T09:32:07","date_gmt":"2025-09-29T07:32:07","guid":{"rendered":"https:\/\/www.pfsa.unsa.ba\/pf\/?p=73954"},"modified":"2025-09-29T09:32:07","modified_gmt":"2025-09-29T07:32:07","slug":"pristup-mt-grupama-iz-predmeta-ekonomsko-pravo-u-akademskoj-25-26-godini","status":"publish","type":"post","link":"https:\/\/pfsa.unsa.ba\/pf\/pristup-mt-grupama-iz-predmeta-ekonomsko-pravo-u-akademskoj-25-26-godini\/","title":{"rendered":"Pristup MT grupama iz predmeta Ekonomsko pravo u akademskoj 25\/26. godini"},"content":{"rendered":"<p>Univerzitet u Sarajevu<br \/>\nPravni fakultet<br \/>\nI ciklus studija<br \/>\n<strong>Ekonomsko pravo\u00a0<\/strong><br \/>\n<em>Prof. dr. Kanita Imamovi\u0107-\u010cizmi\u0107<\/em><br \/>\n<em>Vi\u0161a asst. Lejla Rami\u0107, Mr. iur.\u00a0<\/em><\/p>\n<p>Akademska 25\/26. godina<br \/>\n<span style=\"font-family: inherit;font-size: 1em\">Sarajevo, 29.9.2025. godine<\/span><\/p>\n<p style=\"text-align: center\"><strong>Pristup MT grupama iz predmeta Ekonomsko pravo u akademskoj 25\/26. godini<br \/>\n<\/strong><\/p>\n<p>Po\u0161tovani studenti i po\u0161tovane studentice,<\/p>\n<p>U nastavku linkovi za pristup teams grupama iz predmeta Ekonomsko pravo prema statusu studiranja (R\/RS\/V).<\/p>\n<p><strong><a href=\"https:\/\/teams.microsoft.com\/l\/team\/19%3ACxuERcv9xT3xoj7JjF-yvlTM7z9Jdj9A8Y5P9psIA4Y1%40thread.tacv2\/conversations?groupId=16f0195d-f911-4101-9e6a-963537695ae1&amp;tenantId=7e762570-42d8-481d-b206-a5f7435fd0e6\">General | Ekonomsko pravo &#8211; R\/RS &#8211; akademska 25\/26. godina | Microsoft Teams<\/a>\u00a0<\/strong><\/p>\n<p><strong><a href=\"https:\/\/teams.microsoft.com\/l\/team\/19%3A2WIs7ViDEGGiyhHc9CNc0KUraFeiBtr9gOnJ4J34ziA1%40thread.tacv2\/conversations?groupId=c02d3b42-842e-448c-a740-9db70e626c39&amp;tenantId=7e762570-42d8-481d-b206-a5f7435fd0e6\">General | Ekonomsko pravo &#8211; V &#8211; akademska 25\/26. godina | Microsoft Teams<\/a>\u00a0<\/strong><\/p>\n","protected":false},"excerpt":{"rendered":"<p>Univerzitet u Sarajevu Pravni fakultet I ciklus studija Ekonomsko pravo\u00a0 Prof. dr. Kanita Imamovi\u0107-\u010cizmi\u0107 Vi\u0161a asst. Lejla Rami\u0107, Mr. iur.\u00a0 Akademska 25\/26. godina Sarajevo, 29.9.2025. godine Pristup MT grupama iz predmeta Ekonomsko pravo u akademskoj 25\/26. godini Po\u0161tovani studenti i po\u0161tovane studentice, U nastavku linkovi za pristup teams grupama iz predmeta Ekonomsko pravo prema statusu [&hellip;]<\/p>\n","protected":false},"author":55,"featured_media":0,"comment_status":"closed","ping_status":"closed","sticky":false,"template":"","format":"standard","meta":{"_eb_attr":"","jetpack_post_was_ever_published":false,"_jetpack_newsletter_access":"","_jetpack_dont_email_post_to_subs":false,"_jetpack_newsletter_tier_id":0,"_jetpack_memberships_contains_paywalled_content":false,"_jetpack_memberships_contains_paid_content":false,"footnotes":""},"categories":[59],"tags":[],"class_list":["post-73954","post","type-post","status-publish","format-standard","hentry","category-ii-god-ekonomsko-pravo","node node-blog clearfix"],"views":525,"jetpack_featured_media_url":"","jetpack_shortlink":"https:\/\/wp.me\/p9i2Az-jeO","jetpack_sharing_enabled":true,"post_mailing_queue_ids":[],"_links":{"self":[{"href":"https:\/\/pfsa.unsa.ba\/pf\/wp-json\/wp\/v2\/posts\/73954","targetHints":{"allow":["GET"]}}],"collection":[{"href":"https:\/\/pfsa.unsa.ba\/pf\/wp-json\/wp\/v2\/posts"}],"about":[{"href":"https:\/\/pfsa.unsa.ba\/pf\/wp-json\/wp\/v2\/types\/post"}],"author":[{"embeddable":true,"href":"https:\/\/pfsa.unsa.ba\/pf\/wp-json\/wp\/v2\/users\/55"}],"replies":[{"embeddable":true,"href":"https:\/\/pfsa.unsa.ba\/pf\/wp-json\/wp\/v2\/comments?post=73954"}],"version-history":[{"count":1,"href":"https:\/\/pfsa.unsa.ba\/pf\/wp-json\/wp\/v2\/posts\/73954\/revisions"}],"predecessor-version":[{"id":73955,"href":"https:\/\/pfsa.unsa.ba\/pf\/wp-json\/wp\/v2\/posts\/73954\/revisions\/73955"}],"wp:attachment":[{"href":"https:\/\/pfsa.unsa.ba\/pf\/wp-json\/wp\/v2\/media?parent=73954"}],"wp:term":[{"taxonomy":"category","embeddable":true,"href":"https:\/\/pfsa.unsa.ba\/pf\/wp-json\/wp\/v2\/categories?post=73954"},{"taxonomy":"post_tag","embeddable":true,"href":"https:\/\/pfsa.unsa.ba\/pf\/wp-json\/wp\/v2\/tags?post=73954"}],"curies":[{"name":"wp","href":"https:\/\/api.w.org\/{rel}","templated":true}]}}