{"id":74334,"date":"2025-10-13T11:12:38","date_gmt":"2025-10-13T09:12:38","guid":{"rendered":"https:\/\/www.pfsa.unsa.ba\/pf\/?p=74334"},"modified":"2025-10-13T11:12:38","modified_gmt":"2025-10-13T09:12:38","slug":"radno-pravo-link-za-pristup-mt-grupi-radno-pravo-v-2025-2026","status":"publish","type":"post","link":"https:\/\/pfsa.unsa.ba\/pf\/radno-pravo-link-za-pristup-mt-grupi-radno-pravo-v-2025-2026\/","title":{"rendered":"Radno pravo- link za pristup MT grupi: RADNO PRAVO V 2025\/2026"},"content":{"rendered":"<p>Uva\u017eeni studenti i studentice,<\/p>\n<p>na nastavnom predmetu Radno pravo, s ciljem me\u0111usobnog efikasnijeg komuniciranja i saradnje, VANREDNI studenti\/ice upisani u tre\u0107u godinu akademske 2025\/2026. godine, informacije o: sadr\u017eaju i metodama realizacije nastave te relevantne materijale vezane za nastavni program, \u0107e imati preko <strong>Microsoft Teams grupe RADNO PRAVO\u00a0<\/strong><strong>V<\/strong><strong> 2025\/2026<\/strong><\/p>\n<p>VANREDNI \u00a0studenti\/ice mogu isklju\u010divo sa svojih fakultetskih e-mail adresa pristupiti Microsoft Teams grupi RADNO PRAVO V 2025\/2026 putem slijede\u0107eg linka: <a href=\"https:\/\/teams.microsoft.com\/l\/team\/19%3AcgpweU4oA269APehOKz7AlAoIittyS9woCk6AbitHT41%40thread.tacv2\/conversations?groupId=688ad904-14c2-45e7-9f21-a921077fd07b&amp;tenantId=7e762570-42d8-481d-b206-a5f7435fd0e6\">Op\u0107e | RADNO PRAVO V 2025\/2026 | Microsoft Teams<\/a><\/p>\n<p>&nbsp;<\/p>\n<p style=\"text-align: center\">prof. dr Jasminka Grada\u0161\u010devi\u0107-Sijer\u010di\u0107\/prof. dr Mehmed Had\u017ei\u0107<\/p>\n","protected":false},"excerpt":{"rendered":"<p>Uva\u017eeni studenti i studentice, na nastavnom predmetu Radno pravo, s ciljem me\u0111usobnog efikasnijeg komuniciranja i saradnje, VANREDNI studenti\/ice upisani u tre\u0107u godinu akademske 2025\/2026. godine, informacije o: sadr\u017eaju i metodama realizacije nastave te relevantne materijale vezane za nastavni program, \u0107e imati preko Microsoft Teams grupe RADNO PRAVO\u00a0V 2025\/2026 VANREDNI \u00a0studenti\/ice mogu isklju\u010divo sa svojih fakultetskih [&hellip;]<\/p>\n","protected":false},"author":35,"featured_media":0,"comment_status":"closed","ping_status":"closed","sticky":false,"template":"","format":"standard","meta":{"_eb_attr":"","jetpack_post_was_ever_published":false,"_jetpack_newsletter_access":"","_jetpack_dont_email_post_to_subs":false,"_jetpack_newsletter_tier_id":0,"_jetpack_memberships_contains_paywalled_content":false,"_jetpack_memberships_contains_paid_content":false,"footnotes":""},"categories":[64],"tags":[],"class_list":["post-74334","post","type-post","status-publish","format-standard","hentry","category-iii-god-radno-pravo-i-socijalno-pravo","node node-blog clearfix"],"views":246,"jetpack_featured_media_url":"","jetpack_shortlink":"https:\/\/wp.me\/p9i2Az-jkW","jetpack_sharing_enabled":true,"post_mailing_queue_ids":[],"_links":{"self":[{"href":"https:\/\/pfsa.unsa.ba\/pf\/wp-json\/wp\/v2\/posts\/74334","targetHints":{"allow":["GET"]}}],"collection":[{"href":"https:\/\/pfsa.unsa.ba\/pf\/wp-json\/wp\/v2\/posts"}],"about":[{"href":"https:\/\/pfsa.unsa.ba\/pf\/wp-json\/wp\/v2\/types\/post"}],"author":[{"embeddable":true,"href":"https:\/\/pfsa.unsa.ba\/pf\/wp-json\/wp\/v2\/users\/35"}],"replies":[{"embeddable":true,"href":"https:\/\/pfsa.unsa.ba\/pf\/wp-json\/wp\/v2\/comments?post=74334"}],"version-history":[{"count":1,"href":"https:\/\/pfsa.unsa.ba\/pf\/wp-json\/wp\/v2\/posts\/74334\/revisions"}],"predecessor-version":[{"id":74335,"href":"https:\/\/pfsa.unsa.ba\/pf\/wp-json\/wp\/v2\/posts\/74334\/revisions\/74335"}],"wp:attachment":[{"href":"https:\/\/pfsa.unsa.ba\/pf\/wp-json\/wp\/v2\/media?parent=74334"}],"wp:term":[{"taxonomy":"category","embeddable":true,"href":"https:\/\/pfsa.unsa.ba\/pf\/wp-json\/wp\/v2\/categories?post=74334"},{"taxonomy":"post_tag","embeddable":true,"href":"https:\/\/pfsa.unsa.ba\/pf\/wp-json\/wp\/v2\/tags?post=74334"}],"curies":[{"name":"wp","href":"https:\/\/api.w.org\/{rel}","templated":true}]}}