{"id":74596,"date":"2025-11-13T13:53:36","date_gmt":"2025-11-13T12:53:36","guid":{"rendered":"https:\/\/www.pfsa.unsa.ba\/pf\/?p=74596"},"modified":"2025-11-13T13:53:36","modified_gmt":"2025-11-13T12:53:36","slug":"obavijest-o-terminu-odrzavanja-nadoknade-vjezbi-iz-radnog-prava","status":"publish","type":"post","link":"https:\/\/pfsa.unsa.ba\/pf\/obavijest-o-terminu-odrzavanja-nadoknade-vjezbi-iz-radnog-prava\/","title":{"rendered":"Obavijest o terminu odr\u017eavanja nadoknade vje\u017ebi iz Radnog prava"},"content":{"rendered":"<p><span data-teams=\"true\">Po\u0161tovane kolegice i kolege, <\/span><\/p>\n<p><span data-teams=\"true\"><strong>nadoknada vje\u017ebi iz Radnog prava za grupu II<\/strong> (redovni samofinansiraju\u0107i studenti) prvobitno zakazanih za 5. 11. 2025. godine <strong>\u0107e se odr\u017eati u petak 14. 11. 2025. godine u terminu od 9:00-11:00 sati<\/strong> u sali tre\u0107e godine. <\/span><\/p>\n<p style=\"text-align: center\"><span data-teams=\"true\">Srda\u010dan pozdrav, <\/span><\/p>\n<p style=\"text-align: center\"><span data-teams=\"true\">Mehmed Had\u017ei\u0107<\/span><\/p>\n","protected":false},"excerpt":{"rendered":"<p>Po\u0161tovane kolegice i kolege, nadoknada vje\u017ebi iz Radnog prava za grupu II (redovni samofinansiraju\u0107i studenti) prvobitno zakazanih za 5. 11. 2025. godine \u0107e se odr\u017eati u petak 14. 11. 2025. godine u terminu od 9:00-11:00 sati u sali tre\u0107e godine. Srda\u010dan pozdrav, Mehmed Had\u017ei\u0107<\/p>\n","protected":false},"author":35,"featured_media":0,"comment_status":"closed","ping_status":"closed","sticky":false,"template":"","format":"standard","meta":{"_eb_attr":"","jetpack_post_was_ever_published":false,"_jetpack_newsletter_access":"","_jetpack_dont_email_post_to_subs":false,"_jetpack_newsletter_tier_id":0,"_jetpack_memberships_contains_paywalled_content":false,"_jetpack_memberships_contains_paid_content":false,"footnotes":""},"categories":[64],"tags":[],"class_list":["post-74596","post","type-post","status-publish","format-standard","hentry","category-iii-god-radno-pravo-i-socijalno-pravo","node node-blog clearfix"],"views":152,"jetpack_featured_media_url":"","jetpack_shortlink":"https:\/\/wp.me\/p9i2Az-jpa","jetpack_sharing_enabled":true,"post_mailing_queue_ids":[],"_links":{"self":[{"href":"https:\/\/pfsa.unsa.ba\/pf\/wp-json\/wp\/v2\/posts\/74596","targetHints":{"allow":["GET"]}}],"collection":[{"href":"https:\/\/pfsa.unsa.ba\/pf\/wp-json\/wp\/v2\/posts"}],"about":[{"href":"https:\/\/pfsa.unsa.ba\/pf\/wp-json\/wp\/v2\/types\/post"}],"author":[{"embeddable":true,"href":"https:\/\/pfsa.unsa.ba\/pf\/wp-json\/wp\/v2\/users\/35"}],"replies":[{"embeddable":true,"href":"https:\/\/pfsa.unsa.ba\/pf\/wp-json\/wp\/v2\/comments?post=74596"}],"version-history":[{"count":1,"href":"https:\/\/pfsa.unsa.ba\/pf\/wp-json\/wp\/v2\/posts\/74596\/revisions"}],"predecessor-version":[{"id":74597,"href":"https:\/\/pfsa.unsa.ba\/pf\/wp-json\/wp\/v2\/posts\/74596\/revisions\/74597"}],"wp:attachment":[{"href":"https:\/\/pfsa.unsa.ba\/pf\/wp-json\/wp\/v2\/media?parent=74596"}],"wp:term":[{"taxonomy":"category","embeddable":true,"href":"https:\/\/pfsa.unsa.ba\/pf\/wp-json\/wp\/v2\/categories?post=74596"},{"taxonomy":"post_tag","embeddable":true,"href":"https:\/\/pfsa.unsa.ba\/pf\/wp-json\/wp\/v2\/tags?post=74596"}],"curies":[{"name":"wp","href":"https:\/\/api.w.org\/{rel}","templated":true}]}}