{"id":74611,"date":"2025-11-15T16:52:16","date_gmt":"2025-11-15T15:52:16","guid":{"rendered":"https:\/\/www.pfsa.unsa.ba\/pf\/?p=74611"},"modified":"2025-11-15T16:53:25","modified_gmt":"2025-11-15T15:53:25","slug":"raspored-za-parcijalni-ispit-iz-radnog-prava-u-akad-2025-2026-redovni-studij","status":"publish","type":"post","link":"https:\/\/pfsa.unsa.ba\/pf\/raspored-za-parcijalni-ispit-iz-radnog-prava-u-akad-2025-2026-redovni-studij\/","title":{"rendered":"Raspored za parcijalni ispit iz Radnog prava u akad. 2025\/2026. &#8211; redovni studij"},"content":{"rendered":"<p>Parcijalni ispit iz nastavnog predmeta Radno pravo u V semestru akad. 2025\/2026. godine za <strong><span style=\"color: #ff0000\">redovne i redovno-samofinansiraju\u0107e studente\/ice<\/span>\u00a0<\/strong>koji su ispunili uvjet prisustva nastavnim aktivnostima, odr\u017eati \u0107e se shodno izvedbenom planu u\u00a0<span style=\"color: #ff0000\"><strong><u>utorak\u00a0 18. 11. 2025. godine prema slijede\u0107em rasporedu:<\/u><\/strong><\/span><\/p>\n<p>&nbsp;<\/p>\n<table width=\"784\">\n<tbody>\n<tr>\n<td width=\"50\">Grupa<\/p>\n<p>&nbsp;<\/td>\n<td width=\"460\">Status u studiju<\/p>\n<p>&nbsp;<\/td>\n<td width=\"123\"><strong>Po\u010detno slovo <\/strong><\/p>\n<p><strong>prezimena<\/strong><\/td>\n<td width=\"85\"><strong>Vrijeme<\/strong><\/td>\n<td width=\"66\"><strong>Mjesto<\/strong><\/td>\n<\/tr>\n<tr>\n<td width=\"50\"><strong>I<\/strong><\/td>\n<td width=\"460\"><strong>Redovni studenti\/ice:\u00a0<\/strong><strong>prvi put upisani ili obnavljaju V semestar ili upisani u VII semestar<\/strong><\/td>\n<td width=\"123\"><strong>A &#8211; J<\/strong><\/td>\n<td width=\"85\"><strong>10: 00 sati<\/strong><\/td>\n<td width=\"66\"><strong>sala 332<\/strong><\/td>\n<\/tr>\n<tr>\n<td width=\"50\"><strong>II<\/strong><\/td>\n<td width=\"460\"><strong>Redovni studenti\/ice<\/strong><strong>: prvi put upisani ili obnavljaju V semestar ili upisani u VII semestar<\/strong><\/td>\n<td width=\"123\"><strong>K -Z<\/strong><\/td>\n<td width=\"85\"><strong>11: 00 sati<\/strong><\/td>\n<td width=\"66\"><strong>sala 332<\/strong><\/td>\n<\/tr>\n<tr>\n<td width=\"50\"><strong>III<\/strong><\/td>\n<td width=\"460\"><strong>Redovni samofinansiraju\u0107i studenti\/ice<\/strong>\u00a0<strong>prvi put upisani ili obnavljaju V semestar ili upisani u VII semestar<\/strong><\/td>\n<td width=\"123\"><strong>svi<\/strong><\/td>\n<td width=\"85\"><strong>12:00 sati<\/strong><\/td>\n<td width=\"66\"><strong>sala 332<\/strong><\/td>\n<\/tr>\n<\/tbody>\n<\/table>\n<p><strong>Obaveze studenata\/ica<\/strong>:<\/p>\n<p>&#8211; Index\u00a0\u2013 izuzetno li\u010dna karta<\/p>\n<p>&#8211;\u00a0Vrijeme:\u00a0na parcijalni ispit treba do\u0107i\u00a0<strong>najkasnije 5 minuta prije zakazanog vremena za grupu<\/strong><\/p>\n<p>&#8211;\u00a0Grupa:\u00a0studenti\/ice mogu pristupiti parcijalnom ispitu isklju\u010divo u grupi u kojoj su raspore\u0111eni<\/p>\n<p>&#8211;\u00a0Mobilni telefoni:\u00a0nisu dozvoljeni ( obavezno isklju\u010diti pre ulaska u u\u010dionicu)<\/p>\n<p>Va\u017eno: sa parcijalnog ispita biti \u0107e udaljeni studenti\/ice ukoliko koriste nedopu\u0161tena sredstva ili ometaju rad drugih studenata\/ica.<\/p>\n<p style=\"text-align: center\">prof. dr Jasminka Grada\u0161\u010devi\u0107-Sijer\u010di\u0107\/ prof. dr Mehmed Had\u017ei\u0107<\/p>\n<p>&nbsp;<\/p>\n","protected":false},"excerpt":{"rendered":"<p>Parcijalni ispit iz nastavnog predmeta Radno pravo u V semestru akad. 2025\/2026. godine za redovne i redovno-samofinansiraju\u0107e studente\/ice\u00a0koji su ispunili uvjet prisustva nastavnim aktivnostima, odr\u017eati \u0107e se shodno izvedbenom planu u\u00a0utorak\u00a0 18. 11. 2025. godine prema slijede\u0107em rasporedu: &nbsp; Grupa &nbsp; Status u studiju &nbsp; Po\u010detno slovo prezimena Vrijeme Mjesto I Redovni studenti\/ice:\u00a0prvi put upisani [&hellip;]<\/p>\n","protected":false},"author":34,"featured_media":0,"comment_status":"closed","ping_status":"closed","sticky":false,"template":"","format":"standard","meta":{"_eb_attr":"","jetpack_post_was_ever_published":false,"_jetpack_newsletter_access":"","_jetpack_dont_email_post_to_subs":false,"_jetpack_newsletter_tier_id":0,"_jetpack_memberships_contains_paywalled_content":false,"_jetpack_memberships_contains_paid_content":false,"footnotes":""},"categories":[64],"tags":[],"class_list":["post-74611","post","type-post","status-publish","format-standard","hentry","category-iii-god-radno-pravo-i-socijalno-pravo","node node-blog clearfix"],"views":281,"jetpack_featured_media_url":"","jetpack_shortlink":"https:\/\/wp.me\/p9i2Az-jpp","jetpack_sharing_enabled":true,"post_mailing_queue_ids":[],"_links":{"self":[{"href":"https:\/\/pfsa.unsa.ba\/pf\/wp-json\/wp\/v2\/posts\/74611","targetHints":{"allow":["GET"]}}],"collection":[{"href":"https:\/\/pfsa.unsa.ba\/pf\/wp-json\/wp\/v2\/posts"}],"about":[{"href":"https:\/\/pfsa.unsa.ba\/pf\/wp-json\/wp\/v2\/types\/post"}],"author":[{"embeddable":true,"href":"https:\/\/pfsa.unsa.ba\/pf\/wp-json\/wp\/v2\/users\/34"}],"replies":[{"embeddable":true,"href":"https:\/\/pfsa.unsa.ba\/pf\/wp-json\/wp\/v2\/comments?post=74611"}],"version-history":[{"count":3,"href":"https:\/\/pfsa.unsa.ba\/pf\/wp-json\/wp\/v2\/posts\/74611\/revisions"}],"predecessor-version":[{"id":74614,"href":"https:\/\/pfsa.unsa.ba\/pf\/wp-json\/wp\/v2\/posts\/74611\/revisions\/74614"}],"wp:attachment":[{"href":"https:\/\/pfsa.unsa.ba\/pf\/wp-json\/wp\/v2\/media?parent=74611"}],"wp:term":[{"taxonomy":"category","embeddable":true,"href":"https:\/\/pfsa.unsa.ba\/pf\/wp-json\/wp\/v2\/categories?post=74611"},{"taxonomy":"post_tag","embeddable":true,"href":"https:\/\/pfsa.unsa.ba\/pf\/wp-json\/wp\/v2\/tags?post=74611"}],"curies":[{"name":"wp","href":"https:\/\/api.w.org\/{rel}","templated":true}]}}