{"id":76044,"date":"2026-03-03T15:11:55","date_gmt":"2026-03-03T14:11:55","guid":{"rendered":"https:\/\/www.pfsa.unsa.ba\/pf\/?p=76044"},"modified":"2026-03-03T15:11:55","modified_gmt":"2026-03-03T14:11:55","slug":"socijalno-pravo-vanredni-studij-link-za-pristup-microsoft-teams-grupi-socijalno-pravo-v-2025-2026","status":"publish","type":"post","link":"https:\/\/pfsa.unsa.ba\/pf\/socijalno-pravo-vanredni-studij-link-za-pristup-microsoft-teams-grupi-socijalno-pravo-v-2025-2026\/","title":{"rendered":"SOCIJALNO PRAVO \u2013 VANREDNI STUDIJ -link za pristup Microsoft Teams grupi SOCIJALNO PRAVO V 2025\/2026"},"content":{"rendered":"<p>Uva\u017eeni studenti i studentice,<\/p>\n<p>na nastavnom predmetu Socijalno pravo, s ciljem me\u0111usobnog lak\u0161eg i efikasnijeg komuniciranja i saradnje, vanredni studenti\/ice\u00a0 upisani u tre\u0107u\/\u010detvrtu godinu studija u akad.2025\/2026. godine, informacije o: sadr\u017eaju i metodama realizacije nastave te relevantne materijale vezane za realiziranje nastavnih aktivnosti imati \u0107e preko <strong>Microsoft Teams grupe SOCIJALNO PRAVO V 2025\/2026<\/strong><\/p>\n<p>Vanredni \u00a0studenti_ice\u00a0\u00a0 mogu isklju\u010divo sa svojih fakultetskih e-mail adresa pristupiti Microsoft Teams grupi <strong>SOCIJALNO PRAVO V 2025\/2026<\/strong> putem slijede\u0107eg linka:<\/p>\n<p><a href=\"https:\/\/teams.microsoft.com\/l\/team\/19%3Adw0MNIyWJ2uRtISl-Ucm5hgiKhQDYp0gByNCMSMnz8Y1%40thread.tacv2\/conversations?groupId=d3e731c0-d3aa-49c3-a242-fd5017873089&#038;tenantId=7e762570-42d8-481d-b206-a5f7435fd0e6\" class=\"autohyperlink\" target=\"_blank\">https:\/\/teams.microsoft.com\/l\/team\/19%3Adw0MNIyWJ2uRtISl-Ucm5hgiKhQDYp0gByNCMSMnz8Y1%40thread.tacv2\/conversations?groupId=d3e731c0-d3aa-49c3-a242-fd5017873089&#038;tenantId=7e762570-42d8-481d-b206-a5f7435fd0e6<\/a><\/p>\n<p>&nbsp;<\/p>\n<p>prof. dr Jasminka Grada\u0161\u010devi\u0107-Sijer\u010di\u0107\/prof. dr Mehmed Had\u017ei\u0107<\/p>\n","protected":false},"excerpt":{"rendered":"<p>Uva\u017eeni studenti i studentice, na nastavnom predmetu Socijalno pravo, s ciljem me\u0111usobnog lak\u0161eg i efikasnijeg komuniciranja i saradnje, vanredni studenti\/ice\u00a0 upisani u tre\u0107u\/\u010detvrtu godinu studija u akad.2025\/2026. godine, informacije o: sadr\u017eaju i metodama realizacije nastave te relevantne materijale vezane za realiziranje nastavnih aktivnosti imati \u0107e preko Microsoft Teams grupe SOCIJALNO PRAVO V 2025\/2026 Vanredni \u00a0studenti_ice\u00a0\u00a0 [&hellip;]<\/p>\n","protected":false},"author":34,"featured_media":0,"comment_status":"closed","ping_status":"closed","sticky":false,"template":"","format":"standard","meta":{"_eb_attr":"","jetpack_post_was_ever_published":false,"_jetpack_newsletter_access":"","_jetpack_dont_email_post_to_subs":false,"_jetpack_newsletter_tier_id":0,"_jetpack_memberships_contains_paywalled_content":false,"_jetpack_memberships_contains_paid_content":false,"footnotes":""},"categories":[64],"tags":[],"class_list":["post-76044","post","type-post","status-publish","format-standard","hentry","category-iii-god-radno-pravo-i-socijalno-pravo","node node-blog clearfix"],"views":226,"jetpack_featured_media_url":"","jetpack_shortlink":"https:\/\/wp.me\/p9i2Az-jMw","jetpack_sharing_enabled":true,"post_mailing_queue_ids":[],"_links":{"self":[{"href":"https:\/\/pfsa.unsa.ba\/pf\/wp-json\/wp\/v2\/posts\/76044","targetHints":{"allow":["GET"]}}],"collection":[{"href":"https:\/\/pfsa.unsa.ba\/pf\/wp-json\/wp\/v2\/posts"}],"about":[{"href":"https:\/\/pfsa.unsa.ba\/pf\/wp-json\/wp\/v2\/types\/post"}],"author":[{"embeddable":true,"href":"https:\/\/pfsa.unsa.ba\/pf\/wp-json\/wp\/v2\/users\/34"}],"replies":[{"embeddable":true,"href":"https:\/\/pfsa.unsa.ba\/pf\/wp-json\/wp\/v2\/comments?post=76044"}],"version-history":[{"count":1,"href":"https:\/\/pfsa.unsa.ba\/pf\/wp-json\/wp\/v2\/posts\/76044\/revisions"}],"predecessor-version":[{"id":76045,"href":"https:\/\/pfsa.unsa.ba\/pf\/wp-json\/wp\/v2\/posts\/76044\/revisions\/76045"}],"wp:attachment":[{"href":"https:\/\/pfsa.unsa.ba\/pf\/wp-json\/wp\/v2\/media?parent=76044"}],"wp:term":[{"taxonomy":"category","embeddable":true,"href":"https:\/\/pfsa.unsa.ba\/pf\/wp-json\/wp\/v2\/categories?post=76044"},{"taxonomy":"post_tag","embeddable":true,"href":"https:\/\/pfsa.unsa.ba\/pf\/wp-json\/wp\/v2\/tags?post=76044"}],"curies":[{"name":"wp","href":"https:\/\/api.w.org\/{rel}","templated":true}]}}