{"id":76188,"date":"2026-03-16T10:34:02","date_gmt":"2026-03-16T09:34:02","guid":{"rendered":"https:\/\/www.pfsa.unsa.ba\/pf\/?p=76188"},"modified":"2026-03-16T10:34:02","modified_gmt":"2026-03-16T09:34:02","slug":"odbrana-zavrsnog-rada-kemal-lendo","status":"publish","type":"post","link":"https:\/\/pfsa.unsa.ba\/pf\/odbrana-zavrsnog-rada-kemal-lendo\/","title":{"rendered":"Odbrana zavr\u0161nog rada &#8211; Kemal Lendo"},"content":{"rendered":"<p style=\"text-align: left\">Na Univerzitetu u Sarajevu &#8211; Pravnom fakultetu, <strong><u>Kemal Lendo,<\/u> <\/strong>student II ciklusa studija na Katedri gra\u0111anskog prava, smjer Arbitra\u017ea i alternativno rje\u0161avanje sporova, branit \u0107e zavr\u0161ni rad pod naslovom<strong>\u00a0<\/strong><\/p>\n<p style=\"text-align: center\"><strong><u>\u201cTro\u0161kovi arbitra\u017enog postupka prema Pravilniku o organizaciji i radu arbitra\u017enog suda pri Vanjskotrgovinskoj komori Bosne i Hercegovine<\/u><\/strong><strong>\u201d<\/strong><strong>\u00a0<\/strong><\/p>\n<p style=\"text-align: center\"><strong>u ponedjeljak, 23. 3. 2026. godine <\/strong><strong>u 12:00 sati.<\/strong><\/p>\n<p><strong>\u00a0<\/strong>Odbrana je javna i istoj se mo\u017ee prisustvovati, a odr\u017eat \u0107e se u sali postdiplomskog studija, III sprat, lijevo.<\/p>\n<p>&nbsp;<\/p>\n<p style=\"text-align: right\"><strong>Slu\u017eba za nastavu\u00a0<\/strong><\/p>\n<p style=\"text-align: right\"><strong>\u00a0\u00a0\u00a0\u00a0\u00a0\u00a0\u00a0\u00a0\u00a0\u00a0\u00a0\u00a0\u00a0\u00a0\u00a0\u00a0\u00a0\u00a0\u00a0\u00a0\u00a0\u00a0\u00a0\u00a0\u00a0\u00a0\u00a0\u00a0\u00a0\u00a0\u00a0\u00a0\u00a0\u00a0\u00a0\u00a0\u00a0\u00a0\u00a0\u00a0\u00a0\u00a0\u00a0\u00a0\u00a0\u00a0\u00a0\u00a0\u00a0Odjel za rad sa studentima II i III ciklusa studija<\/strong><\/p>\n","protected":false},"excerpt":{"rendered":"<p>Na Univerzitetu u Sarajevu &#8211; Pravnom fakultetu, Kemal Lendo, student II ciklusa studija na Katedri gra\u0111anskog prava, smjer Arbitra\u017ea i alternativno rje\u0161avanje sporova, branit \u0107e zavr\u0161ni rad pod naslovom\u00a0 \u201cTro\u0161kovi arbitra\u017enog postupka prema Pravilniku o organizaciji i radu arbitra\u017enog suda pri Vanjskotrgovinskoj komori Bosne i Hercegovine\u201d\u00a0 u ponedjeljak, 23. 3. 2026. godine u 12:00 sati. [&hellip;]<\/p>\n","protected":false},"author":58,"featured_media":0,"comment_status":"closed","ping_status":"closed","sticky":false,"template":"","format":"standard","meta":{"_eb_attr":"","jetpack_post_was_ever_published":false,"_jetpack_newsletter_access":"","_jetpack_dont_email_post_to_subs":false,"_jetpack_newsletter_tier_id":0,"_jetpack_memberships_contains_paywalled_content":false,"_jetpack_memberships_contains_paid_content":false,"footnotes":""},"categories":[2613],"tags":[],"class_list":["post-76188","post","type-post","status-publish","format-standard","hentry","category-zavrsni-radovi","node node-blog clearfix"],"views":233,"jetpack_featured_media_url":"","jetpack_shortlink":"https:\/\/wp.me\/p9i2Az-jOQ","jetpack_sharing_enabled":true,"post_mailing_queue_ids":[],"_links":{"self":[{"href":"https:\/\/pfsa.unsa.ba\/pf\/wp-json\/wp\/v2\/posts\/76188","targetHints":{"allow":["GET"]}}],"collection":[{"href":"https:\/\/pfsa.unsa.ba\/pf\/wp-json\/wp\/v2\/posts"}],"about":[{"href":"https:\/\/pfsa.unsa.ba\/pf\/wp-json\/wp\/v2\/types\/post"}],"author":[{"embeddable":true,"href":"https:\/\/pfsa.unsa.ba\/pf\/wp-json\/wp\/v2\/users\/58"}],"replies":[{"embeddable":true,"href":"https:\/\/pfsa.unsa.ba\/pf\/wp-json\/wp\/v2\/comments?post=76188"}],"version-history":[{"count":1,"href":"https:\/\/pfsa.unsa.ba\/pf\/wp-json\/wp\/v2\/posts\/76188\/revisions"}],"predecessor-version":[{"id":76189,"href":"https:\/\/pfsa.unsa.ba\/pf\/wp-json\/wp\/v2\/posts\/76188\/revisions\/76189"}],"wp:attachment":[{"href":"https:\/\/pfsa.unsa.ba\/pf\/wp-json\/wp\/v2\/media?parent=76188"}],"wp:term":[{"taxonomy":"category","embeddable":true,"href":"https:\/\/pfsa.unsa.ba\/pf\/wp-json\/wp\/v2\/categories?post=76188"},{"taxonomy":"post_tag","embeddable":true,"href":"https:\/\/pfsa.unsa.ba\/pf\/wp-json\/wp\/v2\/tags?post=76188"}],"curies":[{"name":"wp","href":"https:\/\/api.w.org\/{rel}","templated":true}]}}