{"id":76342,"date":"2026-04-07T11:31:34","date_gmt":"2026-04-07T09:31:34","guid":{"rendered":"https:\/\/pfsa.unsa.ba\/pf\/?p=76342"},"modified":"2026-04-07T11:31:35","modified_gmt":"2026-04-07T09:31:35","slug":"odbrana-zavrsnog-rada-edo-brackovic","status":"publish","type":"post","link":"https:\/\/pfsa.unsa.ba\/pf\/odbrana-zavrsnog-rada-edo-brackovic\/","title":{"rendered":"Odbrana zavr\u0161nog rada &#8211; Edo Bra\u010dkovi\u0107"},"content":{"rendered":"<p style=\"text-align: left\">Na Univerzitetu u Sarajevu &#8211; Pravnom fakultetu, <strong><u>Edo Bra\u010dkovi\u0107,<\/u> <\/strong>student II ciklusa studija na Katedri krivi\u010dnog prava, smjer Krivi\u010dno pravo, branit \u0107e zavr\u0161ni rad pod naslovom<strong>\u00a0<\/strong><\/p>\n<p style=\"text-align: center\"><strong><u>\u201cNezavisnost i nepristrasnost sudstva<\/u><\/strong><strong>\u201d<\/strong><strong>\u00a0<\/strong><\/p>\n<p style=\"text-align: center\"><strong>u \u010detvrtak, 16. 4. 2026. godine <\/strong><strong>u 13:00 sati.<\/strong><\/p>\n<p><strong>\u00a0<\/strong>Odbrana je javna i istoj se mo\u017ee prisustvovati, a odr\u017eat \u0107e se u sali postdiplomskog studija, III sprat, lijevo.<\/p>\n<p>&nbsp;<\/p>\n<p style=\"text-align: right\"><strong>Slu\u017eba za nastavu\u00a0<\/strong><\/p>\n<p style=\"text-align: right\"><strong>\u00a0\u00a0\u00a0\u00a0\u00a0\u00a0\u00a0\u00a0\u00a0\u00a0\u00a0\u00a0\u00a0\u00a0\u00a0\u00a0\u00a0\u00a0\u00a0\u00a0\u00a0\u00a0\u00a0\u00a0\u00a0\u00a0\u00a0\u00a0\u00a0\u00a0\u00a0\u00a0\u00a0\u00a0\u00a0\u00a0\u00a0\u00a0\u00a0\u00a0\u00a0\u00a0\u00a0\u00a0\u00a0\u00a0\u00a0\u00a0\u00a0Odjel za rad sa studentima II i III ciklusa studija<\/strong><\/p>\n","protected":false},"excerpt":{"rendered":"<p>Na Univerzitetu u Sarajevu &#8211; Pravnom fakultetu, Edo Bra\u010dkovi\u0107, student II ciklusa studija na Katedri krivi\u010dnog prava, smjer Krivi\u010dno pravo, branit \u0107e zavr\u0161ni rad pod naslovom\u00a0 \u201cNezavisnost i nepristrasnost sudstva\u201d\u00a0 u \u010detvrtak, 16. 4. 2026. godine u 13:00 sati. \u00a0Odbrana je javna i istoj se mo\u017ee prisustvovati, a odr\u017eat \u0107e se u sali postdiplomskog studija, [&hellip;]<\/p>\n","protected":false},"author":58,"featured_media":0,"comment_status":"closed","ping_status":"closed","sticky":false,"template":"","format":"standard","meta":{"_eb_attr":"","jetpack_post_was_ever_published":false,"_jetpack_newsletter_access":"","_jetpack_dont_email_post_to_subs":false,"_jetpack_newsletter_tier_id":0,"_jetpack_memberships_contains_paywalled_content":false,"_jetpack_memberships_contains_paid_content":false,"footnotes":""},"categories":[2613],"tags":[],"class_list":["post-76342","post","type-post","status-publish","format-standard","hentry","category-zavrsni-radovi","node node-blog clearfix"],"views":146,"jetpack_featured_media_url":"","jetpack_shortlink":"https:\/\/wp.me\/p9i2Az-jRk","jetpack_sharing_enabled":true,"post_mailing_queue_ids":[],"_links":{"self":[{"href":"https:\/\/pfsa.unsa.ba\/pf\/wp-json\/wp\/v2\/posts\/76342","targetHints":{"allow":["GET"]}}],"collection":[{"href":"https:\/\/pfsa.unsa.ba\/pf\/wp-json\/wp\/v2\/posts"}],"about":[{"href":"https:\/\/pfsa.unsa.ba\/pf\/wp-json\/wp\/v2\/types\/post"}],"author":[{"embeddable":true,"href":"https:\/\/pfsa.unsa.ba\/pf\/wp-json\/wp\/v2\/users\/58"}],"replies":[{"embeddable":true,"href":"https:\/\/pfsa.unsa.ba\/pf\/wp-json\/wp\/v2\/comments?post=76342"}],"version-history":[{"count":2,"href":"https:\/\/pfsa.unsa.ba\/pf\/wp-json\/wp\/v2\/posts\/76342\/revisions"}],"predecessor-version":[{"id":76384,"href":"https:\/\/pfsa.unsa.ba\/pf\/wp-json\/wp\/v2\/posts\/76342\/revisions\/76384"}],"wp:attachment":[{"href":"https:\/\/pfsa.unsa.ba\/pf\/wp-json\/wp\/v2\/media?parent=76342"}],"wp:term":[{"taxonomy":"category","embeddable":true,"href":"https:\/\/pfsa.unsa.ba\/pf\/wp-json\/wp\/v2\/categories?post=76342"},{"taxonomy":"post_tag","embeddable":true,"href":"https:\/\/pfsa.unsa.ba\/pf\/wp-json\/wp\/v2\/tags?post=76342"}],"curies":[{"name":"wp","href":"https:\/\/api.w.org\/{rel}","templated":true}]}}